{"id":22037,"date":"2022-06-01T10:21:54","date_gmt":"2022-06-01T08:21:54","guid":{"rendered":"https:\/\/bisbalpenedes.com\/web\/?p=22037"},"modified":"2022-06-01T10:21:54","modified_gmt":"2022-06-01T08:21:54","slug":"el-divendres-10-de-juny-a-les-19h-projectarem-el-vendre-del-mar-del-cicle-gaudi-al-cmc","status":"publish","type":"post","link":"https:\/\/bisbalpenedes.com\/web\/2022\/06\/01\/el-divendres-10-de-juny-a-les-19h-projectarem-el-vendre-del-mar-del-cicle-gaudi-al-cmc\/","title":{"rendered":"El divendres 10 de juny a les 19h projectarem &#8220;El vendre del mar&#8221; del Cicle Gaud\u00ed al CMC"},"content":{"rendered":"\n<p>Aquest mes de juny projectarem la pel\u00b7l\u00edcula \u201cEl ventre del mar\u201d del Cicle Gaud\u00ed. La projecci\u00f3 ser\u00e0 el divendres 10 de juny, a les 19h, al CMC. En aquesta ocasi\u00f3, hi haur\u00e0 crispetes per a tots els assistents.<\/p>\n\n\n\n<p><strong>FITXA T\u00c8CNICA<\/strong><\/p>\n\n\n\n<p>Direcci\u00f3: Agust\u00ed Villaronga<\/p>\n\n\n\n<p>Gui\u00f3: Alessandro Baricco, Agust\u00ed Villaronga<\/p>\n\n\n\n<p>Direcci\u00f3 de fotografia: Josep M. Civit i Blai Tom\u00e0s<\/p>\n\n\n\n<p>Estrena: Juny 2021<\/p>\n\n\n\n<p>Durada: 76 min.<\/p>\n\n\n\n<p>G\u00e8nere: Drama<\/p>\n\n\n\n<p>Versi\u00f3: Original en catal\u00e0<\/p>\n\n\n\n<p>Int\u00e8rprets: Roger Casamajor, Marc Bonnin<\/p>\n\n\n\n<p><strong>SINOPSI<\/strong><\/p>\n\n\n\n<p>Juny de 1816. Una embarcaci\u00f3 francesa s\u2019encalla davant les costes del Senegal. Sense bots suficients per a tots, es construeix una bassa per remolcar a 147 persones. El p\u00e0nic i la confusi\u00f3 s\u2019apodera dels tripulants de la nau que acaben tallant la soga de remolc i abandonant la bassa a la seva sort. D\u2019aquests 147 homes nom\u00e9s 9 van aconseguir salvar les seves vides.<\/p>\n\n\n\n<p>Entre ells estaven Savigny, un oficial m\u00e8dic implacable, i Thomas, un rebel mariner ras. Enfrontats, viuen aquests fets mostrant diferents actituds per a sobreviure.<\/p>\n\n\n\n<figure class=\"wp-block-embed is-type-video is-provider-youtube wp-block-embed-youtube wp-embed-aspect-16-9 wp-has-aspect-ratio\"><div class=\"wp-block-embed__wrapper\">\n<iframe loading=\"lazy\" title=\"Cicle Gaud\u00ed: &quot;El Ventre del Mar&quot;\" width=\"1170\" height=\"658\" src=\"https:\/\/www.youtube.com\/embed\/BbGQhFUfKVM?feature=oembed\" frameborder=\"0\" allow=\"accelerometer; autoplay; clipboard-write; encrypted-media; gyroscope; picture-in-picture\" allowfullscreen><\/iframe>\n<\/div><\/figure>\n\n\n\n<hr class=\"wp-block-separator has-alpha-channel-opacity\"\/>\n\n\n\n<p>Este mes de junio proyectaremos la pel\u00edcula \u201cEl ventre del mar\u201d del Cicle Gaud\u00ed. La proyecci\u00f3n ser\u00e1 el viernes 10 de junio, a las 19h, en el CMC. En esta ocasi\u00f3n, habr\u00e1 palomitas para todos los asistentes.<\/p>\n\n\n\n<p><strong>FICHA T\u00c9CNICA<\/strong><\/p>\n\n\n\n<p>Direcci\u00f3n: Agust\u00ed Villaronga<\/p>\n\n\n\n<p>Gui\u00f3n: Alessandro Baricco, Agust\u00ed Villaronga<\/p>\n\n\n\n<p>Direcci\u00f3n de fotograf\u00eda: Josep M. Civit y Blai Tom\u00e0s<\/p>\n\n\n\n<p>Estreno: Junio 2021<\/p>\n\n\n\n<p>Duraci\u00f3n: 76 min.<\/p>\n\n\n\n<p>G\u00e9nero: Drama<\/p>\n\n\n\n<p>Versi\u00f3n: Original en catal\u00e1n<\/p>\n\n\n\n<p>Int\u00e9rpretes: Roger Casamajor, Marc Bonnin<\/p>\n\n\n\n<p><strong>SINOPSIS<\/strong><\/p>\n\n\n\n<p>Junio del 1816. Una embarcaci\u00f3n francesa se encalla delante de las costas del Senegal. Sin botes suficientes para todos, se construye una balsa para remolcar a 147 personas. El p\u00e1nico y la confusi\u00f3n se apodera de los tripulantes de la nave que terminan cortando la soga de remolque y abandonando la balsa a su suerte. De estos 147 hombres solamente 9 consiguieron salvar sus vidas. Entre ellos estaban Savigny, un oficial m\u00e9dico implacable, y Thomas, un rebelde marinero raso. Enfrontados, viven estos hechos mostrando distintas actitudes para sobrevivir.<\/p>\n","protected":false},"excerpt":{"rendered":"<p>Aquest mes de juny projectarem la pel\u00b7l\u00edcula \u201cEl ventre del mar\u201d del Cicle Gaud\u00ed. La projecci\u00f3 ser\u00e0 el divendres 10 de juny, a les 19h, al CMC. En aquesta ocasi\u00f3, &hellip; <a href=\"https:\/\/bisbalpenedes.com\/web\/2022\/06\/01\/el-divendres-10-de-juny-a-les-19h-projectarem-el-vendre-del-mar-del-cicle-gaudi-al-cmc\/\" class=\"more-link\">Read More<\/a><\/p>\n","protected":false},"author":4,"featured_media":22038,"comment_status":"closed","ping_status":"closed","sticky":false,"template":"","format":"standard","meta":[],"categories":[2942,13,8],"tags":[459,308,5297,225,5298,393,771,1374],"_links":{"self":[{"href":"https:\/\/bisbalpenedes.com\/web\/wp-json\/wp\/v2\/posts\/22037"}],"collection":[{"href":"https:\/\/bisbalpenedes.com\/web\/wp-json\/wp\/v2\/posts"}],"about":[{"href":"https:\/\/bisbalpenedes.com\/web\/wp-json\/wp\/v2\/types\/post"}],"author":[{"embeddable":true,"href":"https:\/\/bisbalpenedes.com\/web\/wp-json\/wp\/v2\/users\/4"}],"replies":[{"embeddable":true,"href":"https:\/\/bisbalpenedes.com\/web\/wp-json\/wp\/v2\/comments?post=22037"}],"version-history":[{"count":1,"href":"https:\/\/bisbalpenedes.com\/web\/wp-json\/wp\/v2\/posts\/22037\/revisions"}],"predecessor-version":[{"id":22039,"href":"https:\/\/bisbalpenedes.com\/web\/wp-json\/wp\/v2\/posts\/22037\/revisions\/22039"}],"wp:featuredmedia":[{"embeddable":true,"href":"https:\/\/bisbalpenedes.com\/web\/wp-json\/wp\/v2\/media\/22038"}],"wp:attachment":[{"href":"https:\/\/bisbalpenedes.com\/web\/wp-json\/wp\/v2\/media?parent=22037"}],"wp:term":[{"taxonomy":"category","embeddable":true,"href":"https:\/\/bisbalpenedes.com\/web\/wp-json\/wp\/v2\/categories?post=22037"},{"taxonomy":"post_tag","embeddable":true,"href":"https:\/\/bisbalpenedes.com\/web\/wp-json\/wp\/v2\/tags?post=22037"}],"curies":[{"name":"wp","href":"https:\/\/api.w.org\/{rel}","templated":true}]}}