{"id":22018,"date":"2022-06-01T09:45:39","date_gmt":"2022-06-01T07:45:39","guid":{"rendered":"https:\/\/bisbalpenedes.com\/web\/?p=22018"},"modified":"2022-06-01T09:45:39","modified_gmt":"2022-06-01T07:45:39","slug":"torna-el-festival-eva-a-la-bisbal-del-penedes-amb-3-espectacles-programats-per-als-dies-9-16-i-26-de-juny","status":"publish","type":"post","link":"https:\/\/bisbalpenedes.com\/web\/2022\/06\/01\/torna-el-festival-eva-a-la-bisbal-del-penedes-amb-3-espectacles-programats-per-als-dies-9-16-i-26-de-juny\/","title":{"rendered":"Torna el Festival EVA a la Bisbal del Pened\u00e8s amb 3 espectacles programats per als dies 9, 16 i 26 de juny"},"content":{"rendered":"\n<p>La Regidoria de Cultura continua apostant pel Festival En Veu Alta de narraci\u00f3 i tradici\u00f3 oral un any m\u00e9s. Enguany, ha programat tres espectacles del Festival EVA adre\u00e7ats al p\u00fablic adult:<\/p>\n\n\n\n<ul><li>\u201cAmor, sexo y lo que surja\u201d d\u2019H\u00e9ctor Uri\u00e9n. Dijous 9 de juny a les 21.30h a la pla\u00e7a de l\u2019Esgl\u00e9sia.\u00a0<\/li><li>\u201cContar y cantar, todo es empezar\u201d de Victoria Gull\u00f3n. Dijous 16 de juny a les 21:30h a l\u2019aparcament de la Llar d\u2019infants.\u00a0<\/li><li>\u201cCan\u00e7\u00f3 Fuga\u00e7\u201d de Corrandes s\u00f3n Corrandes. Diumenge 26 de juny a les 19:30h a la Riba (carrer Pare Junqu\u00e9).\u00a0<\/li><\/ul>\n\n\n\n<hr class=\"wp-block-separator has-alpha-channel-opacity\"\/>\n\n\n\n<p>La Concejal\u00eda de Cultura contin\u00faa apostando por el Festival En Veu Alta de narraci\u00f3n y tradici\u00f3n oral un a\u00f1o m\u00e1s. Este a\u00f1o, ha programado tres espect\u00e1culos del Festival EVA dirigidos al p\u00fablico adulto:<\/p>\n\n\n\n<ul><li>\u201cAmor, sexo y lo que surja\u201d de H\u00e9ctor Uri\u00e9n. Jueves 9 de junio a las 21:30h en la pla\u00e7a de l\u2019Esgl\u00e9sia.<\/li><li>\u201cContar y cantar, todo es empezar\u201d de Victoria Gull\u00f3n. Jueves 16 de junio a las 21:30h en el aparcamiento de la guarder\u00eda municipal.<\/li><li>\u201cCan\u00e7\u00f3 Fuga\u00e7\u201d de Corrandes s\u00f3n Corrandes. Domingo 26 de junio a las 19.30h en la Riba (carrer Pare Junqu\u00e9).<\/li><\/ul>\n","protected":false},"excerpt":{"rendered":"<p>La Regidoria de Cultura continua apostant pel Festival En Veu Alta de narraci\u00f3 i tradici\u00f3 oral un any m\u00e9s. Enguany, ha programat tres espectacles del Festival EVA adre\u00e7ats al p\u00fablic &hellip; <a href=\"https:\/\/bisbalpenedes.com\/web\/2022\/06\/01\/torna-el-festival-eva-a-la-bisbal-del-penedes-amb-3-espectacles-programats-per-als-dies-9-16-i-26-de-juny\/\" class=\"more-link\">Read More<\/a><\/p>\n","protected":false},"author":4,"featured_media":22020,"comment_status":"closed","ping_status":"closed","sticky":false,"template":"","format":"standard","meta":[],"categories":[2942,13,8],"tags":[459,1807,5296,393,1374],"_links":{"self":[{"href":"https:\/\/bisbalpenedes.com\/web\/wp-json\/wp\/v2\/posts\/22018"}],"collection":[{"href":"https:\/\/bisbalpenedes.com\/web\/wp-json\/wp\/v2\/posts"}],"about":[{"href":"https:\/\/bisbalpenedes.com\/web\/wp-json\/wp\/v2\/types\/post"}],"author":[{"embeddable":true,"href":"https:\/\/bisbalpenedes.com\/web\/wp-json\/wp\/v2\/users\/4"}],"replies":[{"embeddable":true,"href":"https:\/\/bisbalpenedes.com\/web\/wp-json\/wp\/v2\/comments?post=22018"}],"version-history":[{"count":1,"href":"https:\/\/bisbalpenedes.com\/web\/wp-json\/wp\/v2\/posts\/22018\/revisions"}],"predecessor-version":[{"id":22019,"href":"https:\/\/bisbalpenedes.com\/web\/wp-json\/wp\/v2\/posts\/22018\/revisions\/22019"}],"wp:featuredmedia":[{"embeddable":true,"href":"https:\/\/bisbalpenedes.com\/web\/wp-json\/wp\/v2\/media\/22020"}],"wp:attachment":[{"href":"https:\/\/bisbalpenedes.com\/web\/wp-json\/wp\/v2\/media?parent=22018"}],"wp:term":[{"taxonomy":"category","embeddable":true,"href":"https:\/\/bisbalpenedes.com\/web\/wp-json\/wp\/v2\/categories?post=22018"},{"taxonomy":"post_tag","embeddable":true,"href":"https:\/\/bisbalpenedes.com\/web\/wp-json\/wp\/v2\/tags?post=22018"}],"curies":[{"name":"wp","href":"https:\/\/api.w.org\/{rel}","templated":true}]}}