{"id":2201,"date":"2017-04-05T12:57:33","date_gmt":"2017-04-05T06:57:33","guid":{"rendered":"http:\/\/bisbalpenedes.com\/web\/?p=2201"},"modified":"2017-04-05T12:57:33","modified_gmt":"2017-04-05T06:57:33","slug":"alumnes-de-lescola-ull-de-vent-han-representat-el-malalt-imaginari-al-tag","status":"publish","type":"post","link":"https:\/\/bisbalpenedes.com\/web\/2017\/04\/05\/alumnes-de-lescola-ull-de-vent-han-representat-el-malalt-imaginari-al-tag\/","title":{"rendered":"Alumnes de l&#8217;Escola Ull de Vent han representat &#8216;El malalt imaginari&#8217; al T\u00c0G"},"content":{"rendered":"<p><a href=\"http:\/\/bisbalpenedes.com\/web\/wp-content\/uploads\/2017\/04\/Teatre-Malalt-imaginari.jpg\"><img loading=\"lazy\" class=\"aligncenter size-medium wp-image-2202\" title=\"Teatre Malalt imaginari\" src=\"http:\/\/bisbalpenedes.com\/web\/wp-content\/uploads\/2017\/04\/Teatre-Malalt-imaginari-300x168.jpg\" alt=\"\" width=\"300\" height=\"168\" srcset=\"https:\/\/bisbalpenedes.com\/web\/wp-content\/uploads\/2017\/04\/Teatre-Malalt-imaginari-300x168.jpg 300w, https:\/\/bisbalpenedes.com\/web\/wp-content\/uploads\/2017\/04\/Teatre-Malalt-imaginari-600x338.jpg 600w, https:\/\/bisbalpenedes.com\/web\/wp-content\/uploads\/2017\/04\/Teatre-Malalt-imaginari-1024x576.jpg 1024w\" sizes=\"(max-width: 300px) 100vw, 300px\" \/><\/a><\/p>\n<p>Aquest dimarts els alumnes que fan teatre com a activitat extraescolar de l\u2019AMPA de l\u2019Escola Ull de Vent han representat l\u2019obra \u201cEl malalt imaginari\u201d de Moli\u00e8re al Teatre \u00c0ngel Guimer\u00e0 (T\u00c0G) del Vendrell sota la direcci\u00f3 de Ramon Rovira, professor de Teatre. L\u2019actuaci\u00f3, que s\u2019emmarcava al 39\u00e8 Festival de Teatre Infantil i Juvenil, ha comptat amb la participaci\u00f3 de diversos centres educatius de la comarca del Baix Pened\u00e8s, sota la coordinaci\u00f3 de la Comissi\u00f3 de Teatre, formada principalment pel Centre de Recursos Pedag\u00f2gics.<\/p>\n<p>Podeu veure l&#8217;obra representada al seg\u00fcent enlla\u00e7:\u00a0<a href=\"http:\/\/www.rtvelvendrell.cat\/festival-de-teatre-2017-el-malalt-imaginari\/\" target=\"_blank\">http:\/\/www.rtvelvendrell.cat\/festival-de-teatre-2017-el-malalt-imaginari\/<\/a><\/p>\n","protected":false},"excerpt":{"rendered":"<p>Aquest dimarts els alumnes que fan teatre com a activitat extraescolar de l\u2019AMPA de l\u2019Escola Ull de Vent han representat l\u2019obra \u201cEl malalt imaginari\u201d de Moli\u00e8re al Teatre \u00c0ngel Guimer\u00e0 &hellip; <a href=\"https:\/\/bisbalpenedes.com\/web\/2017\/04\/05\/alumnes-de-lescola-ull-de-vent-han-representat-el-malalt-imaginari-al-tag\/\" class=\"more-link\">Read More<\/a><\/p>\n","protected":false},"author":4,"featured_media":2202,"comment_status":"closed","ping_status":"closed","sticky":false,"template":"","format":"standard","meta":[],"categories":[16],"tags":[287,286,284,285,222],"_links":{"self":[{"href":"https:\/\/bisbalpenedes.com\/web\/wp-json\/wp\/v2\/posts\/2201"}],"collection":[{"href":"https:\/\/bisbalpenedes.com\/web\/wp-json\/wp\/v2\/posts"}],"about":[{"href":"https:\/\/bisbalpenedes.com\/web\/wp-json\/wp\/v2\/types\/post"}],"author":[{"embeddable":true,"href":"https:\/\/bisbalpenedes.com\/web\/wp-json\/wp\/v2\/users\/4"}],"replies":[{"embeddable":true,"href":"https:\/\/bisbalpenedes.com\/web\/wp-json\/wp\/v2\/comments?post=2201"}],"version-history":[{"count":2,"href":"https:\/\/bisbalpenedes.com\/web\/wp-json\/wp\/v2\/posts\/2201\/revisions"}],"predecessor-version":[{"id":2204,"href":"https:\/\/bisbalpenedes.com\/web\/wp-json\/wp\/v2\/posts\/2201\/revisions\/2204"}],"wp:featuredmedia":[{"embeddable":true,"href":"https:\/\/bisbalpenedes.com\/web\/wp-json\/wp\/v2\/media\/2202"}],"wp:attachment":[{"href":"https:\/\/bisbalpenedes.com\/web\/wp-json\/wp\/v2\/media?parent=2201"}],"wp:term":[{"taxonomy":"category","embeddable":true,"href":"https:\/\/bisbalpenedes.com\/web\/wp-json\/wp\/v2\/categories?post=2201"},{"taxonomy":"post_tag","embeddable":true,"href":"https:\/\/bisbalpenedes.com\/web\/wp-json\/wp\/v2\/tags?post=2201"}],"curies":[{"name":"wp","href":"https:\/\/api.w.org\/{rel}","templated":true}]}}