{"id":21997,"date":"2022-06-04T04:00:00","date_gmt":"2022-06-04T02:00:00","guid":{"rendered":"https:\/\/bisbalpenedes.com\/web\/?p=21997"},"modified":"2022-05-31T13:29:14","modified_gmt":"2022-05-31T11:29:14","slug":"aquest-diumenge-al-vespre-lajuntament-silluminara-de-color-verd-amb-motiu-del-dia-mundial-del-medi-ambient","status":"publish","type":"post","link":"https:\/\/bisbalpenedes.com\/web\/2022\/06\/04\/aquest-diumenge-al-vespre-lajuntament-silluminara-de-color-verd-amb-motiu-del-dia-mundial-del-medi-ambient\/","title":{"rendered":"Aquest diumenge al vespre l&#8217;Ajuntament s&#8217;il\u00b7luminar\u00e0 de color verd amb motiu del Dia Mundial del Medi Ambient"},"content":{"rendered":"\n<p>Aquest diumenge \u00e9s el Dia Mundial del Medi Ambient.<br>Fem, entre tots, un m\u00f3n m\u00e9s sostenible?<br>Amb motiu d&#8217;aquesta celebraci\u00f3, el diumenge al vespre la Casa de la Vila s&#8217;il\u00b7luminar\u00e0 de color verd.<\/p>\n\n\n\n<hr class=\"wp-block-separator\"\/>\n\n\n\n<p>Este domingo es el D\u00eda Mundial del Medio Ambiente.<br>\u00bfHacemos, entre todos, un mundo m\u00e1s sostenible?Con motivo de esta celebraci\u00f3n, el domingo al anochecer la Casa de la Vila se iluminar\u00e1 de color verde.<\/p>\n\n\n\n<figure class=\"wp-block-image size-large\"><img loading=\"lazy\" width=\"1024\" height=\"1024\" src=\"https:\/\/bisbalpenedes.com\/web\/wp-content\/uploads\/2022\/05\/DIA-MUNDIAL-MEDI-AMBIENT-Gran-1024x1024.jpeg\" alt=\"\" class=\"wp-image-21998\" srcset=\"https:\/\/bisbalpenedes.com\/web\/wp-content\/uploads\/2022\/05\/DIA-MUNDIAL-MEDI-AMBIENT-Gran-1024x1024.jpeg 1024w, https:\/\/bisbalpenedes.com\/web\/wp-content\/uploads\/2022\/05\/DIA-MUNDIAL-MEDI-AMBIENT-Gran-300x300.jpeg 300w, https:\/\/bisbalpenedes.com\/web\/wp-content\/uploads\/2022\/05\/DIA-MUNDIAL-MEDI-AMBIENT-Gran-150x150.jpeg 150w, https:\/\/bisbalpenedes.com\/web\/wp-content\/uploads\/2022\/05\/DIA-MUNDIAL-MEDI-AMBIENT-Gran-768x768.jpeg 768w, https:\/\/bisbalpenedes.com\/web\/wp-content\/uploads\/2022\/05\/DIA-MUNDIAL-MEDI-AMBIENT-Gran-600x600.jpeg 600w, https:\/\/bisbalpenedes.com\/web\/wp-content\/uploads\/2022\/05\/DIA-MUNDIAL-MEDI-AMBIENT-Gran-100x100.jpeg 100w, https:\/\/bisbalpenedes.com\/web\/wp-content\/uploads\/2022\/05\/DIA-MUNDIAL-MEDI-AMBIENT-Gran.jpeg 1080w\" sizes=\"(max-width: 1024px) 100vw, 1024px\" \/><\/figure>\n","protected":false},"excerpt":{"rendered":"<p>Aquest diumenge \u00e9s el Dia Mundial del Medi Ambient.Fem, entre tots, un m\u00f3n m\u00e9s sostenible?Amb motiu d&#8217;aquesta celebraci\u00f3, el diumenge al vespre la Casa de la Vila s&#8217;il\u00b7luminar\u00e0 de color &hellip; <a href=\"https:\/\/bisbalpenedes.com\/web\/2022\/06\/04\/aquest-diumenge-al-vespre-lajuntament-silluminara-de-color-verd-amb-motiu-del-dia-mundial-del-medi-ambient\/\" class=\"more-link\">Read More<\/a><\/p>\n","protected":false},"author":4,"featured_media":21999,"comment_status":"closed","ping_status":"closed","sticky":false,"template":"","format":"standard","meta":[],"categories":[32,8],"tags":[459,4557,393,220],"_links":{"self":[{"href":"https:\/\/bisbalpenedes.com\/web\/wp-json\/wp\/v2\/posts\/21997"}],"collection":[{"href":"https:\/\/bisbalpenedes.com\/web\/wp-json\/wp\/v2\/posts"}],"about":[{"href":"https:\/\/bisbalpenedes.com\/web\/wp-json\/wp\/v2\/types\/post"}],"author":[{"embeddable":true,"href":"https:\/\/bisbalpenedes.com\/web\/wp-json\/wp\/v2\/users\/4"}],"replies":[{"embeddable":true,"href":"https:\/\/bisbalpenedes.com\/web\/wp-json\/wp\/v2\/comments?post=21997"}],"version-history":[{"count":1,"href":"https:\/\/bisbalpenedes.com\/web\/wp-json\/wp\/v2\/posts\/21997\/revisions"}],"predecessor-version":[{"id":22000,"href":"https:\/\/bisbalpenedes.com\/web\/wp-json\/wp\/v2\/posts\/21997\/revisions\/22000"}],"wp:featuredmedia":[{"embeddable":true,"href":"https:\/\/bisbalpenedes.com\/web\/wp-json\/wp\/v2\/media\/21999"}],"wp:attachment":[{"href":"https:\/\/bisbalpenedes.com\/web\/wp-json\/wp\/v2\/media?parent=21997"}],"wp:term":[{"taxonomy":"category","embeddable":true,"href":"https:\/\/bisbalpenedes.com\/web\/wp-json\/wp\/v2\/categories?post=21997"},{"taxonomy":"post_tag","embeddable":true,"href":"https:\/\/bisbalpenedes.com\/web\/wp-json\/wp\/v2\/tags?post=21997"}],"curies":[{"name":"wp","href":"https:\/\/api.w.org\/{rel}","templated":true}]}}