{"id":21990,"date":"2022-05-31T12:32:34","date_gmt":"2022-05-31T10:32:34","guid":{"rendered":"https:\/\/bisbalpenedes.com\/web\/?p=21990"},"modified":"2022-05-31T12:32:34","modified_gmt":"2022-05-31T10:32:34","slug":"el-forn-de-la-placa-reobre-amb-pa-pastes-llaminadures-i-properament-pollastres-a-last-i-xurros","status":"publish","type":"post","link":"https:\/\/bisbalpenedes.com\/web\/2022\/05\/31\/el-forn-de-la-placa-reobre-amb-pa-pastes-llaminadures-i-properament-pollastres-a-last-i-xurros\/","title":{"rendered":"El Forn de la Pla\u00e7a reobre amb pa, pastes, llaminadures i, properament, pollastres a l&#8217;ast i xurros"},"content":{"rendered":"\n<p>El Forn de la Pla\u00e7a va reobrir, la setmana passada, amb una nova ger\u00e8ncia: els bisbalencs Mercedes i el Pedro. La botiga ofereix pa, pastes i llaminadures i s&#8217;hi poden encarregar detalls i llaminadures per a batejos, comunions, noces i celebracions. A m\u00e9s, properament tamb\u00e9 hi podreu trobar pollastres a l&#8217;ast -i altres menjars per emportar- i xurros, els caps de setmana.<\/p>\n\n\n\n<p>L&#8217;horari actual de la botiga \u00e9s de dilluns a dissabte de 7h a 13h i de 17h a 20h i els diumenges de 7h a 14h. Podeu fer els vostres enc\u00e0rrecs trucant al tel\u00e8fon 977 688 662 i trucant o escrivint un Whatsapp al m\u00f2bil 655 566 884.<\/p>\n\n\n\n<p>La Mercedes ens ha explicat que <em>&#8220;estem molt il\u00b7lusionats amb la botiga i esperem que als bisbalencs els agradi el que fem. Aviat, esperem que aquest mes de juny, podreu tastar els nostres pollastres a l&#8217;ast i altres especialitats, tot cuinat de forma artesana, i m\u00e9s endavant tamb\u00e9 podreu tastar els nostres pastissos&#8221;.<\/em><\/p>\n\n\n\n<p>Des de l&#8217;Ajuntament de la Bisbal del Pened\u00e8s us desitgem molta sort en aquest nou projecte i celebrem que obri un nou comer\u00e7 a la Bisbal del Pened\u00e8s.\u00a0<\/p>\n\n\n\n<figure class=\"wp-block-image size-large\"><img loading=\"lazy\" width=\"1024\" height=\"768\" src=\"https:\/\/bisbalpenedes.com\/web\/wp-content\/uploads\/2022\/05\/2167b301-7226-4cb5-99dc-3b99ca24e4ca-1024x768.jpg\" alt=\"\" class=\"wp-image-21991\" srcset=\"https:\/\/bisbalpenedes.com\/web\/wp-content\/uploads\/2022\/05\/2167b301-7226-4cb5-99dc-3b99ca24e4ca-1024x768.jpg 1024w, https:\/\/bisbalpenedes.com\/web\/wp-content\/uploads\/2022\/05\/2167b301-7226-4cb5-99dc-3b99ca24e4ca-300x225.jpg 300w, https:\/\/bisbalpenedes.com\/web\/wp-content\/uploads\/2022\/05\/2167b301-7226-4cb5-99dc-3b99ca24e4ca-768x576.jpg 768w, https:\/\/bisbalpenedes.com\/web\/wp-content\/uploads\/2022\/05\/2167b301-7226-4cb5-99dc-3b99ca24e4ca-1536x1152.jpg 1536w, https:\/\/bisbalpenedes.com\/web\/wp-content\/uploads\/2022\/05\/2167b301-7226-4cb5-99dc-3b99ca24e4ca-600x450.jpg 600w, https:\/\/bisbalpenedes.com\/web\/wp-content\/uploads\/2022\/05\/2167b301-7226-4cb5-99dc-3b99ca24e4ca.jpg 1600w\" sizes=\"(max-width: 1024px) 100vw, 1024px\" \/><\/figure>\n\n\n\n<hr class=\"wp-block-separator\"\/>\n\n\n\n<p>El Forn de la Pla\u00e7a reabri\u00f3, la semana pasada, con una nueva gerencia: los bisbalenses Mercedes y Pedro. La tienda ofrece pan, pastas y chucher\u00edas, y se pueden encargar detalles y dulces para bautizos, comuniones, bodas y celebraciones. Adem\u00e1s, pr\u00f3ximamente tambi\u00e9n podr\u00e9is encontrar pollos al ast -y otras comidas para llevar- y churros, los fines de semana.<\/p>\n\n\n\n<p>El horario actual de la tienda es de lunes a s\u00e1bado de 7h a 13h y de 17h a 20h y los domingos de 7h a 14h. Pod\u00e9is hacer vuestros encargos llamando al tel\u00e9fono 977 688 662 y llamando o escribiendo un Whatsapp al m\u00f3vil 655 566 884.<\/p>\n\n\n\n<p>Mercedes nos ha explicado que <em>&#8220;estamos muy ilusionados con la tienda y esperamos que a los bisbalenses les guste lo que hacemos. Pronto, esperamos que este mes de junio, podr\u00e9is probar nuestros pollos al ast y otras especialidades, todo cocinado de forma artesanal, y m\u00e1s adelante tambi\u00e9n podr\u00e9is probar nuestros pasteles&#8221;.<\/em><\/p>\n\n\n\n<p>Desde el Ayuntamiento de la Bisbal del Pened\u00e8s os deseamos mucha suerte en este nuevo proyecto y celebramos que abra un nuevo comercio en la Bisbal del Pened\u00e8s.&nbsp;<\/p>\n","protected":false},"excerpt":{"rendered":"<p>El Forn de la Pla\u00e7a va reobrir, la setmana passada, amb una nova ger\u00e8ncia: els bisbalencs Mercedes i el Pedro. La botiga ofereix pa, pastes i llaminadures i s&#8217;hi poden &hellip; <a href=\"https:\/\/bisbalpenedes.com\/web\/2022\/05\/31\/el-forn-de-la-placa-reobre-amb-pa-pastes-llaminadures-i-properament-pollastres-a-last-i-xurros\/\" class=\"more-link\">Read More<\/a><\/p>\n","protected":false},"author":4,"featured_media":21992,"comment_status":"closed","ping_status":"closed","sticky":false,"template":"","format":"standard","meta":[],"categories":[3860,8],"tags":[3380,329,5294,4632,393,5292,5293],"_links":{"self":[{"href":"https:\/\/bisbalpenedes.com\/web\/wp-json\/wp\/v2\/posts\/21990"}],"collection":[{"href":"https:\/\/bisbalpenedes.com\/web\/wp-json\/wp\/v2\/posts"}],"about":[{"href":"https:\/\/bisbalpenedes.com\/web\/wp-json\/wp\/v2\/types\/post"}],"author":[{"embeddable":true,"href":"https:\/\/bisbalpenedes.com\/web\/wp-json\/wp\/v2\/users\/4"}],"replies":[{"embeddable":true,"href":"https:\/\/bisbalpenedes.com\/web\/wp-json\/wp\/v2\/comments?post=21990"}],"version-history":[{"count":1,"href":"https:\/\/bisbalpenedes.com\/web\/wp-json\/wp\/v2\/posts\/21990\/revisions"}],"predecessor-version":[{"id":21993,"href":"https:\/\/bisbalpenedes.com\/web\/wp-json\/wp\/v2\/posts\/21990\/revisions\/21993"}],"wp:featuredmedia":[{"embeddable":true,"href":"https:\/\/bisbalpenedes.com\/web\/wp-json\/wp\/v2\/media\/21992"}],"wp:attachment":[{"href":"https:\/\/bisbalpenedes.com\/web\/wp-json\/wp\/v2\/media?parent=21990"}],"wp:term":[{"taxonomy":"category","embeddable":true,"href":"https:\/\/bisbalpenedes.com\/web\/wp-json\/wp\/v2\/categories?post=21990"},{"taxonomy":"post_tag","embeddable":true,"href":"https:\/\/bisbalpenedes.com\/web\/wp-json\/wp\/v2\/tags?post=21990"}],"curies":[{"name":"wp","href":"https:\/\/api.w.org\/{rel}","templated":true}]}}