{"id":2198,"date":"2017-04-03T10:22:39","date_gmt":"2017-04-03T04:22:39","guid":{"rendered":"http:\/\/bisbalpenedes.com\/web\/?p=2198"},"modified":"2017-04-03T10:22:39","modified_gmt":"2017-04-03T04:22:39","slug":"des-daquest-dilluns-i-fins-al-dia-26-dabril-es-poden-presentar-les-propostes-per-explotar-el-servei-de-bar-durant-la-festa-major-2017","status":"publish","type":"post","link":"https:\/\/bisbalpenedes.com\/web\/2017\/04\/03\/des-daquest-dilluns-i-fins-al-dia-26-dabril-es-poden-presentar-les-propostes-per-explotar-el-servei-de-bar-durant-la-festa-major-2017\/","title":{"rendered":"Des d\u2019aquest dilluns i fins al dia 26 d\u2019abril es poden presentar les propostes per explotar el servei de Bar durant la Festa Major 2017"},"content":{"rendered":"<p>El passat 31 de mar\u00e7 el Butllet\u00ed Oficial de la Prov\u00edncia de Tarragona va publicar l\u2019acord de la Junta de Govern Local en sessi\u00f3 ordin\u00e0ria celebrada el dia 2 de mar\u00e7 de 2017 de licitaci\u00f3 de la contractaci\u00f3 especial de l\u2019explotaci\u00f3 del servei de Bar durant la Festa Major 2017 al Recinte de l\u2019Escola Ull de Vent mitjan\u00e7ant procediment obert, oferta econ\u00f2mica m\u00e9s avantatjosa segons diversos criteris de valoraci\u00f3, amb procediment ordinari de conformitat amb les dades seg\u00fcents:<\/p>\n<p>-La contractaci\u00f3 especial de l\u2019explotaci\u00f3 del servei de Bar durant la Festa Major 2017 al recinte de l\u2019Escola Ull de Vent es far\u00e0 mitjan\u00e7ant un procediment obert d\u2019oferta econ\u00f2mica m\u00e9s avantatjosa amb diversos criteris de valoraci\u00f3 i adjudicaci\u00f3 i mitjan\u00e7ant procediment ordinari.<\/p>\n<p>-El preu de licitaci\u00f3 ser\u00e0 de 300\u20ac de c\u00e0non millorable a l\u2019al\u00e7a<\/p>\n<p>-Les dates de la Festa Major 2017 per a l\u2019explotaci\u00f3 del bar seran del 12 al 15 d\u2019agost, ambd\u00f3s inclosos (prorrogable un any m\u00e9s).<\/p>\n<p>-No es demana cap garantia provisional<\/p>\n<p>-Requisits espec\u00edfics del contractista: presentaci\u00f3 de la Declaraci\u00f3 Responsable, proposta econ\u00f2mica i documentaci\u00f3 ponderable mitjan\u00e7ant judicis de valor.<\/p>\n<p>-Es pot obtenir m\u00e9s documentaci\u00f3 i informaci\u00f3 a l\u2019Ajuntament de La Bisbal del Pened\u00e8s. Tamb\u00e9 es pot consultar el Plec de Cl\u00e0usules administratives particulars a la p\u00e0gina web seg\u00fcent: <a href=\"http:\/\/sae.altanet.org\/houmuni\/web\/bisbalpenedes\/pdc\/\" target=\"_blank\">http:\/\/sae.altanet.org\/houmuni\/web\/bisbalpenedes\/pdc\/<\/a><\/p>\n<p>-La data l\u00edmit de presentaci\u00f3 \u00e9s el 26 d\u2019abril de 2017<\/p>\n","protected":false},"excerpt":{"rendered":"<p>El passat 31 de mar\u00e7 el Butllet\u00ed Oficial de la Prov\u00edncia de Tarragona va publicar l\u2019acord de la Junta de Govern Local en sessi\u00f3 ordin\u00e0ria celebrada el dia 2 de &hellip; <a href=\"https:\/\/bisbalpenedes.com\/web\/2017\/04\/03\/des-daquest-dilluns-i-fins-al-dia-26-dabril-es-poden-presentar-les-propostes-per-explotar-el-servei-de-bar-durant-la-festa-major-2017\/\" class=\"more-link\">Read More<\/a><\/p>\n","protected":false},"author":4,"featured_media":2199,"comment_status":"closed","ping_status":"closed","sticky":false,"template":"","format":"standard","meta":[],"categories":[4],"tags":[140,281,280,282,283],"_links":{"self":[{"href":"https:\/\/bisbalpenedes.com\/web\/wp-json\/wp\/v2\/posts\/2198"}],"collection":[{"href":"https:\/\/bisbalpenedes.com\/web\/wp-json\/wp\/v2\/posts"}],"about":[{"href":"https:\/\/bisbalpenedes.com\/web\/wp-json\/wp\/v2\/types\/post"}],"author":[{"embeddable":true,"href":"https:\/\/bisbalpenedes.com\/web\/wp-json\/wp\/v2\/users\/4"}],"replies":[{"embeddable":true,"href":"https:\/\/bisbalpenedes.com\/web\/wp-json\/wp\/v2\/comments?post=2198"}],"version-history":[{"count":1,"href":"https:\/\/bisbalpenedes.com\/web\/wp-json\/wp\/v2\/posts\/2198\/revisions"}],"predecessor-version":[{"id":2200,"href":"https:\/\/bisbalpenedes.com\/web\/wp-json\/wp\/v2\/posts\/2198\/revisions\/2200"}],"wp:featuredmedia":[{"embeddable":true,"href":"https:\/\/bisbalpenedes.com\/web\/wp-json\/wp\/v2\/media\/2199"}],"wp:attachment":[{"href":"https:\/\/bisbalpenedes.com\/web\/wp-json\/wp\/v2\/media?parent=2198"}],"wp:term":[{"taxonomy":"category","embeddable":true,"href":"https:\/\/bisbalpenedes.com\/web\/wp-json\/wp\/v2\/categories?post=2198"},{"taxonomy":"post_tag","embeddable":true,"href":"https:\/\/bisbalpenedes.com\/web\/wp-json\/wp\/v2\/tags?post=2198"}],"curies":[{"name":"wp","href":"https:\/\/api.w.org\/{rel}","templated":true}]}}