{"id":21975,"date":"2022-05-30T12:43:43","date_gmt":"2022-05-30T10:43:43","guid":{"rendered":"https:\/\/bisbalpenedes.com\/web\/?p=21975"},"modified":"2022-05-30T12:44:18","modified_gmt":"2022-05-30T10:44:18","slug":"lajuntament-de-la-bisbal-del-penedes-participa-en-una-formacio-en-que-10-joves-aprenen-a-programar-videojocs-dissenyar-en-3d-i-obtenen-coneixements-sobre-realitat-virtual","status":"publish","type":"post","link":"https:\/\/bisbalpenedes.com\/web\/2022\/05\/30\/lajuntament-de-la-bisbal-del-penedes-participa-en-una-formacio-en-que-10-joves-aprenen-a-programar-videojocs-dissenyar-en-3d-i-obtenen-coneixements-sobre-realitat-virtual\/","title":{"rendered":"L&#8217;Ajuntament de la Bisbal del Pened\u00e8s participa en una formaci\u00f3 en qu\u00e8 10 joves aprenen a programar videojocs, dissenyar en 3D i obtenen coneixements sobre realitat virtual"},"content":{"rendered":"\n<p>El passat dijous 24 de maig va comen\u00e7ar, a Cunit, el curs de Programaci\u00f3 de videojocs, disseny 3D i realitat virtual amb la participaci\u00f3 de 10 joves inscrits al programa de Garantia Juvenil. Aquesta formaci\u00f3 forma part del programa &#8220;Tu Carrera Digital&#8221; i est\u00e0 organitzat per Adecco i Red.es (entitat adscrita al Ministeri d&#8217;Economia i Transformaci\u00f3 Digital) i compta amb la participaci\u00f3 dels Ajuntaments de Cunit, Calafell i La Bisbal del Pened\u00e8s.<\/p>\n\n\n\n<p>Aquesta formaci\u00f3 es caracteritza per la innovaci\u00f3 i est\u00e0 centrada en el desenvolupament i l&#8217;aprenentatge de compet\u00e8ncies digitals i en les especialitats i professions que m\u00e9s demanen les empreses en l&#8217;actualitat, ja que \u00e9s un projecte formatiu orientat a l&#8217;ocupabilitat dels participants. El curs de Programaci\u00f3 de videojocs, disseny 3D i realitat virtual \u00e9s gratu\u00eft per als participants i es desenvolupar\u00e0 durant un total de 272 hores, repartides en tres \u00e0rees:<\/p>\n\n\n\n<p><strong>230h de Coneixements t\u00e8cnics<\/strong><br>\u2022 La ind\u00fastria del videojoc<br>\u2022 Introducci\u00f3 al motor Unity 3D i a la programaci\u00f3 en C#<br>\u2022 Disseny de personatges<br>\u2022 Programaci\u00f3 de videojocs i apps m\u00f2bils amb Unity 3D<br>\u2022 Desenvolupament d\u2019aplicacions en realitat augmentada i virtual<br>\u2022 Disseny de videojocs<\/p>\n\n\n\n<p><strong>30h d\u2019Habilitats professionals<\/strong><br>\u2022 Habilitats de treball en equip, planificaci\u00f3 de projectes, etc.<br>\u2022 Marca personal, habilitats de comunicaci\u00f3 i intel\u00b7lig\u00e8ncia emocional<br>\u2022 Realitzaci\u00f3 de presentacions d\u2019impacte<br>\u2022 Com enfrontar-se a entrevistes de feina de forma efectiva<\/p>\n\n\n\n<p><strong>12h de sessions d\u2019orientaci\u00f3 professional<\/strong><br>\u2022 Treball amb una coach, de forma personalitzada, per orientar els alumnes en la recerca de feina en el sector<\/p>\n\n\n\n<p>Una vegada hagi finalitzat la formaci\u00f3, tots els participants formaran part d&#8217;una borsa de treball que inclour\u00e0 els alumnes de totes les edicions a escala nacional, que tindran acc\u00e9s a les ofertes de les principals empreses del sector. Susana Mu\u00f1iz, directora de l&#8217;oficina d&#8217;Adecco del Vendrell, ha explicat que &#8220;la pr\u00f2pia empresa Microsoft est\u00e0 interessada a entrevistar els alumnes millor valorats del programa a nivell nacional&#8221;.<\/p>\n\n\n\n<p>Els Ajuntaments de Cunit, Calafell i la Bisbal del Pened\u00e8s tenen previst tirar endavant noves formacions en l&#8217;\u00e0mbit digital adre\u00e7ades a joves, per poder dotar el jovent de les compet\u00e8ncies que demanden les empreses.<\/p>\n\n\n\n<hr class=\"wp-block-separator\"\/>\n\n\n\n<p><strong>CASTELLANO |<\/strong> El pasado jueves 24 de mayo empez\u00f3, en Cunit, el curso de Programaci\u00f3n de videojuegos, dise\u00f1o 3D y realidad virtual con la participaci\u00f3n de 10 j\u00f3venes inscritos en el programa de Garant\u00eda Juvenil. Esta formaci\u00f3n forma parte del programa &#8220;Tu Carrera Digital&#8221; y est\u00e1 organizado por Adecco y Red.es (entidad adscrita al Ministerio de Econom\u00eda y Transformaci\u00f3n Digital) y cuenta con la participaci\u00f3n de los Ayuntamientos de Cunit, Calafell y La Bisbal del Pened\u00e8s.<\/p>\n\n\n\n<p>Esta formaci\u00f3n se caracteriza por la innovaci\u00f3n y est\u00e1 centrada en el desarrollo y el aprendizaje de competencias digitales y en las especialidades y profesiones que m\u00e1s solicitan las empresas en la actualidad, ya que es un proyecto formativo orientado a la ocupaci\u00f3n de los participantes. El curso de Programaci\u00f3n de videojuegos, dise\u00f1o 3D y realidad virtual es gratuito para los participantes y se desarrollar\u00e1 durante un total de 272 horas repartidas en tres \u00e1reas:<\/p>\n\n\n\n<p><strong>230h de Conocimientos t\u00e9cnicos<\/strong><br>\u2022 La industria del videojuego<br>\u2022 Introducci\u00f3n al motor Unity 3D y a la programaci\u00f3n en C#<br>\u2022 Dise\u00f1o de personajes<br>\u2022 Programaci\u00f3n de videojuegos y apps m\u00f3viles con Unity 3D<br>\u2022 Desarrollo de aplicaciones en realidad aumentada y virtual<br>\u2022 Dise\u00f1o de videojuegos<\/p>\n\n\n\n<p><strong>30h de Habilidades profesionales<\/strong><br>\u2022 Habilidades de trabajo en equipo, planificaci\u00f3n de proyectos, etc.<br>\u2022 Marca personal, habilidades de comunicaci\u00f3n e inteligencia emocional<br>\u2022 Realizaci\u00f3n de presentaciones de impacto<br>\u2022 C\u00f3mo enfrentarse a entrevistas de trabajo de forma efectiva<\/p>\n\n\n\n<p><strong>12h de sesiones de orientaci\u00f3n profesional<\/strong><br>\u2022 Trabajo con una coach, de forma personalizada, para orientar a los alumnos en la b\u00fasqueda de trabajo en el sector<\/p>\n\n\n\n<p>Una vez haya finalizado la formaci\u00f3n, todos los participantes formar\u00e1n parte de una bolsa de trabajo que incluir\u00e1 a los alumnos de todas las ediciones a escala nacional, que tendr\u00e1n acceso a las ofertas de las principales empresas del sector. Susana Mu\u00f1iz, directora de la oficina de Adecco del Vendrell, ha explicado que &#8220;la propia empresa Microsoft est\u00e1 interesada en entrevistar a los alumnos mejor valorados del programa a nivel nacional&#8221;. Los Ayuntamientos de Cunit, Calafell y la Bisbal del Pened\u00e8s tienen previsto llevar a cabo nuevas formaciones en el \u00e1mbito digital dirigidas a j\u00f3venes, para poder dotar a la juventud de las competencias que demandan las empresas.<\/p>\n","protected":false},"excerpt":{"rendered":"<p>El passat dijous 24 de maig va comen\u00e7ar, a Cunit, el curs de Programaci\u00f3 de videojocs, disseny 3D i realitat virtual amb la participaci\u00f3 de 10 joves inscrits al programa &hellip; <a href=\"https:\/\/bisbalpenedes.com\/web\/2022\/05\/30\/lajuntament-de-la-bisbal-del-penedes-participa-en-una-formacio-en-que-10-joves-aprenen-a-programar-videojocs-dissenyar-en-3d-i-obtenen-coneixements-sobre-realitat-virtual\/\" class=\"more-link\">Read More<\/a><\/p>\n","protected":false},"author":4,"featured_media":21977,"comment_status":"closed","ping_status":"closed","sticky":false,"template":"","format":"standard","meta":[],"categories":[4269,8,9],"tags":[5287,393,5286],"_links":{"self":[{"href":"https:\/\/bisbalpenedes.com\/web\/wp-json\/wp\/v2\/posts\/21975"}],"collection":[{"href":"https:\/\/bisbalpenedes.com\/web\/wp-json\/wp\/v2\/posts"}],"about":[{"href":"https:\/\/bisbalpenedes.com\/web\/wp-json\/wp\/v2\/types\/post"}],"author":[{"embeddable":true,"href":"https:\/\/bisbalpenedes.com\/web\/wp-json\/wp\/v2\/users\/4"}],"replies":[{"embeddable":true,"href":"https:\/\/bisbalpenedes.com\/web\/wp-json\/wp\/v2\/comments?post=21975"}],"version-history":[{"count":3,"href":"https:\/\/bisbalpenedes.com\/web\/wp-json\/wp\/v2\/posts\/21975\/revisions"}],"predecessor-version":[{"id":21979,"href":"https:\/\/bisbalpenedes.com\/web\/wp-json\/wp\/v2\/posts\/21975\/revisions\/21979"}],"wp:featuredmedia":[{"embeddable":true,"href":"https:\/\/bisbalpenedes.com\/web\/wp-json\/wp\/v2\/media\/21977"}],"wp:attachment":[{"href":"https:\/\/bisbalpenedes.com\/web\/wp-json\/wp\/v2\/media?parent=21975"}],"wp:term":[{"taxonomy":"category","embeddable":true,"href":"https:\/\/bisbalpenedes.com\/web\/wp-json\/wp\/v2\/categories?post=21975"},{"taxonomy":"post_tag","embeddable":true,"href":"https:\/\/bisbalpenedes.com\/web\/wp-json\/wp\/v2\/tags?post=21975"}],"curies":[{"name":"wp","href":"https:\/\/api.w.org\/{rel}","templated":true}]}}