{"id":21943,"date":"2022-05-25T14:13:24","date_gmt":"2022-05-25T12:13:24","guid":{"rendered":"https:\/\/bisbalpenedes.com\/web\/?p=21943"},"modified":"2022-05-25T14:19:01","modified_gmt":"2022-05-25T12:19:01","slug":"els-dissabtes-4-i-11-de-juny-podreu-vacunar-els-vostres-gossos-a-la-bisbal","status":"publish","type":"post","link":"https:\/\/bisbalpenedes.com\/web\/2022\/05\/25\/els-dissabtes-4-i-11-de-juny-podreu-vacunar-els-vostres-gossos-a-la-bisbal\/","title":{"rendered":"Els dissabtes 4 i 11 de juny podreu vacunar els vostres gossos a la Bisbal del Pened\u00e8s"},"content":{"rendered":"\n<p>Els dies 4 i 11 de juny es dur\u00e0 a terme la campanya de vacunaci\u00f3 de gossos a la Bisbal. La vacunaci\u00f3 ser\u00e0 de la r\u00e0bia i\/o polivalent i anir\u00e0 a c\u00e0rrec d\u2019un veterinari del Col\u00b7legi Oficial de Veterinaris de la prov\u00edncia de Tarragona, que cobrar\u00e0 les taxes pertinents. Cal que&nbsp;presenteu la cartilla de vacunacions (si en disposeu). Les vacunes es posaran els seg\u00fcents dies i llocs:<\/p>\n\n\n\n<p><br><strong>Dissabte 4 de juny de 2022:<\/strong><\/p>\n\n\n\n<p>De 9.00 a 9.30h a la Pl. Pau Casals (la pista) del nucli de La Bisbal<\/p>\n\n\n\n<p>De 9.45 a 10.15h davant del Local Social del Priorat de la Bisbal<\/p>\n\n\n\n<p><br><strong>Dissabte 11 de juny de 2022:<\/strong><\/p>\n\n\n\n<p>De 10.00 a 10.30h al Local Social de Can Gordei (Avda. Can Gordei)<\/p>\n\n\n\n<p>De 10.30h a 11.00h al Local Social de l\u2019Esplai (Avda. Esplai)<\/p>\n\n\n\n<p>De 11.00h a 11.30h a la Pla\u00e7a de la Masieta<\/p>\n\n\n\n<p>De 11.30h a 12.00h al local social de La Miralba (carrer Gladiol)<\/p>\n\n\n\n<hr class=\"wp-block-separator\"\/>\n\n\n\n<p><strong>CASTELLANO<\/strong>&nbsp;| Los d\u00edas 4 y 11 de junio se llevar\u00e1 a cabo la campa\u00f1a de vacunaci\u00f3n de perros en la Bisbal. La vacunaci\u00f3n ser\u00e1 de la rabia y\/o polivalente e ir\u00e1 a cargo de un veterinario del Col\u00b7legi Oficial de Veterinaris de la provincia de Tarragona, que cobrar\u00e1 las tasas pertinentes. Deb\u00e9is presentar la cartilla de vacunas (si dispon\u00e9is de ella). Las vacunas se pondr\u00e1n en los siguientes lugares y fechas:<\/p>\n\n\n\n<p><br><strong>S\u00e1bado 4 de junio del 2022:<\/strong><\/p>\n\n\n\n<p>De 9.00 a 9.30h en la Pl. Pau Casals (la pista) de la Bisbal<\/p>\n\n\n\n<p>De 9.45 a 10.15h delante del Local Social del Priorat de la Bisbal<\/p>\n\n\n\n<p><br><strong>S\u00e1bado 11 de junio del 2022:<\/strong><\/p>\n\n\n\n<p>De 10.00 a 10.30h en el Local Social de Can Gordei (Avda. Can Gordei)<\/p>\n\n\n\n<p>De 10.30h a 11.00h en el Local Social de l\u2019Esplai (Avda. Esplai)<\/p>\n\n\n\n<p>De 11.00h a 11.30h en la plaza de La Masieta <\/p>\n\n\n\n<p>De 11.30h a 12.00h en el local social de La Miralba (carrer Gladiol)<\/p>\n","protected":false},"excerpt":{"rendered":"<p>Els dies 4 i 11 de juny es dur\u00e0 a terme la campanya de vacunaci\u00f3 de gossos a la Bisbal. La vacunaci\u00f3 ser\u00e0 de la r\u00e0bia i\/o polivalent i anir\u00e0 &hellip; <a href=\"https:\/\/bisbalpenedes.com\/web\/2022\/05\/25\/els-dissabtes-4-i-11-de-juny-podreu-vacunar-els-vostres-gossos-a-la-bisbal\/\" class=\"more-link\">Read More<\/a><\/p>\n","protected":false},"author":4,"featured_media":21944,"comment_status":"closed","ping_status":"closed","sticky":false,"template":"","format":"standard","meta":[],"categories":[8,14],"tags":[5281,393,5282,432,28,431,436],"_links":{"self":[{"href":"https:\/\/bisbalpenedes.com\/web\/wp-json\/wp\/v2\/posts\/21943"}],"collection":[{"href":"https:\/\/bisbalpenedes.com\/web\/wp-json\/wp\/v2\/posts"}],"about":[{"href":"https:\/\/bisbalpenedes.com\/web\/wp-json\/wp\/v2\/types\/post"}],"author":[{"embeddable":true,"href":"https:\/\/bisbalpenedes.com\/web\/wp-json\/wp\/v2\/users\/4"}],"replies":[{"embeddable":true,"href":"https:\/\/bisbalpenedes.com\/web\/wp-json\/wp\/v2\/comments?post=21943"}],"version-history":[{"count":3,"href":"https:\/\/bisbalpenedes.com\/web\/wp-json\/wp\/v2\/posts\/21943\/revisions"}],"predecessor-version":[{"id":21947,"href":"https:\/\/bisbalpenedes.com\/web\/wp-json\/wp\/v2\/posts\/21943\/revisions\/21947"}],"wp:featuredmedia":[{"embeddable":true,"href":"https:\/\/bisbalpenedes.com\/web\/wp-json\/wp\/v2\/media\/21944"}],"wp:attachment":[{"href":"https:\/\/bisbalpenedes.com\/web\/wp-json\/wp\/v2\/media?parent=21943"}],"wp:term":[{"taxonomy":"category","embeddable":true,"href":"https:\/\/bisbalpenedes.com\/web\/wp-json\/wp\/v2\/categories?post=21943"},{"taxonomy":"post_tag","embeddable":true,"href":"https:\/\/bisbalpenedes.com\/web\/wp-json\/wp\/v2\/tags?post=21943"}],"curies":[{"name":"wp","href":"https:\/\/api.w.org\/{rel}","templated":true}]}}