{"id":21939,"date":"2022-05-25T14:03:56","date_gmt":"2022-05-25T12:03:56","guid":{"rendered":"https:\/\/bisbalpenedes.com\/web\/?p=21939"},"modified":"2022-05-25T14:03:56","modified_gmt":"2022-05-25T12:03:56","slug":"entrevista-a-lalcaldessa-de-la-bisbal-del-penedes-agnes-ferre-al-programa-ull-al-dia-maig-de-2022","status":"publish","type":"post","link":"https:\/\/bisbalpenedes.com\/web\/2022\/05\/25\/entrevista-a-lalcaldessa-de-la-bisbal-del-penedes-agnes-ferre-al-programa-ull-al-dia-maig-de-2022\/","title":{"rendered":"Entrevista a l&#8217;alcaldessa de la Bisbal del Pened\u00e8s -Agn\u00e8s Ferr\u00e9- al programa &#8220;Ull al dia&#8221; &#8211; Maig de 2022"},"content":{"rendered":"\n<div id=\"embed-alacarta-4461\"><\/div>\n<script src=\"https:\/\/www.alacarta.cat\/js\/embed.js\" data-container=\"embed-alacarta-4461\" data-src=\"628244f9725cc916886e736f\/6282567f4b34911ae406c324\"><\/script>\n\n\n\n<p>El programa l&#8217;Ull al dia d Etv ha entrevistat l&#8217;alcaldessa de La Bisbal del Pened\u00e8s, Agn\u00e8s Ferr\u00e9, aquest mes de maig. L&#8217;entrevista s\u2019ha centrat en el servei de bus urb\u00e0 i comarcal, la nova adquisici\u00f3 de mobiliari urb\u00e0 que ha fet l\u2019Ajuntament, les inversions que es faran amb l\u2019import del super\u00e0vit, el conveni amb el Consell Comarcal del Baix Pened\u00e8s en mat\u00e8ria de Joventut, la licitaci\u00f3 de la gesti\u00f3 de la piscina municipal, del projecte d\u2019ampliaci\u00f3 d\u2019Idiada (Idiada 2), els municipis de l\u2019interior de la comarca i els problemes a l\u2019hora de tirar endavant projectes pel fet de ser municipis petits i el turisme a la comarca i al municipi.<br>Enlla\u00e7 a l&#8217;entrevista: <a href=\"https:\/\/etv.alacarta.cat\/l-ull-al-dia\/capitol\/agnes-ferre_16052022\" target=\"_blank\" rel=\"noreferrer noopener\">https:\/\/etv.alacarta.cat\/l-ull-al-dia\/capitol\/agnes-ferre_16052022<\/a><\/p>\n\n\n\n<hr class=\"wp-block-separator\"\/>\n\n\n\n<p>El programa l&#8217;Ull al dia de ETV ha entrevistado a la alcaldesa de La Bisbal Pened\u00e8s, Agn\u00e8s Ferr\u00e9, este mes de febrero. La entrevista se ha centrado en el servicio de bus urbano y comarcal, la nueva adquisici\u00f3n de mobiliario urbano que ha hecho el Ayuntamiento, las inversiones que ser har\u00e1n con el importe del super\u00e1vit, el convenio con el Consell Comarcal del Baix Pened\u00e8s en materia de Juventud, la licitaci\u00f3n de la gesti\u00f3n de la piscina municipal, del proyecto de ampliaci\u00f3n de Idiada (Idiada 2), los municipios del interior de la comarca y los problemas a la hora de llevar a cabo proyectos por el hecho de ser municipios peque\u00f1os y el turismo en la comarca y en el municipio.<br>Enlace a la entrevista: <a rel=\"noreferrer noopener\" href=\"https:\/\/etv.alacarta.cat\/l-ull-al-dia\/capitol\/agnes-ferre_16052022\" target=\"_blank\">https:\/\/etv.alacarta.cat\/l-ull-al-dia\/capitol\/agnes-ferre_16052022<\/a><br><\/p>\n","protected":false},"excerpt":{"rendered":"<p>El programa l&#8217;Ull al dia d Etv ha entrevistat l&#8217;alcaldessa de La Bisbal del Pened\u00e8s, Agn\u00e8s Ferr\u00e9, aquest mes de maig. L&#8217;entrevista s\u2019ha centrat en el servei de bus urb\u00e0 &hellip; <a href=\"https:\/\/bisbalpenedes.com\/web\/2022\/05\/25\/entrevista-a-lalcaldessa-de-la-bisbal-del-penedes-agnes-ferre-al-programa-ull-al-dia-maig-de-2022\/\" class=\"more-link\">Read More<\/a><\/p>\n","protected":false},"author":4,"featured_media":21940,"comment_status":"closed","ping_status":"closed","sticky":false,"template":"","format":"standard","meta":[],"categories":[2057,8],"tags":[1151,2092,459,2471,5171,393,1374],"_links":{"self":[{"href":"https:\/\/bisbalpenedes.com\/web\/wp-json\/wp\/v2\/posts\/21939"}],"collection":[{"href":"https:\/\/bisbalpenedes.com\/web\/wp-json\/wp\/v2\/posts"}],"about":[{"href":"https:\/\/bisbalpenedes.com\/web\/wp-json\/wp\/v2\/types\/post"}],"author":[{"embeddable":true,"href":"https:\/\/bisbalpenedes.com\/web\/wp-json\/wp\/v2\/users\/4"}],"replies":[{"embeddable":true,"href":"https:\/\/bisbalpenedes.com\/web\/wp-json\/wp\/v2\/comments?post=21939"}],"version-history":[{"count":1,"href":"https:\/\/bisbalpenedes.com\/web\/wp-json\/wp\/v2\/posts\/21939\/revisions"}],"predecessor-version":[{"id":21941,"href":"https:\/\/bisbalpenedes.com\/web\/wp-json\/wp\/v2\/posts\/21939\/revisions\/21941"}],"wp:featuredmedia":[{"embeddable":true,"href":"https:\/\/bisbalpenedes.com\/web\/wp-json\/wp\/v2\/media\/21940"}],"wp:attachment":[{"href":"https:\/\/bisbalpenedes.com\/web\/wp-json\/wp\/v2\/media?parent=21939"}],"wp:term":[{"taxonomy":"category","embeddable":true,"href":"https:\/\/bisbalpenedes.com\/web\/wp-json\/wp\/v2\/categories?post=21939"},{"taxonomy":"post_tag","embeddable":true,"href":"https:\/\/bisbalpenedes.com\/web\/wp-json\/wp\/v2\/tags?post=21939"}],"curies":[{"name":"wp","href":"https:\/\/api.w.org\/{rel}","templated":true}]}}