{"id":21934,"date":"2022-05-25T12:27:43","date_gmt":"2022-05-25T10:27:43","guid":{"rendered":"https:\/\/bisbalpenedes.com\/web\/?p=21934"},"modified":"2022-05-25T12:27:43","modified_gmt":"2022-05-25T10:27:43","slug":"del-25-al-31-de-maig-es-du-a-terme-la-setmana-sense-fum-amb-el-lema-viu-sense-fumar-i-comenca-a-sumar","status":"publish","type":"post","link":"https:\/\/bisbalpenedes.com\/web\/2022\/05\/25\/del-25-al-31-de-maig-es-du-a-terme-la-setmana-sense-fum-amb-el-lema-viu-sense-fumar-i-comenca-a-sumar\/","title":{"rendered":"Del 25 al 31 de maig es du a terme la &#8216;Setmana Sense Fum&#8217; amb el lema &#8220;Viu sense fumar i comen\u00e7a a sumar&#8221;"},"content":{"rendered":"\n<p>Avui dimecres s&#8217;ha donat el tret de sortida de la <strong>Setmana sense fum<\/strong>, una iniciativa promoguda des de l&#8217;Ag\u00e8ncia de Salut P\u00fablica de Catalunya que, enguany, t\u00e9 el lema &#8220;Viu sense fumar i comen\u00e7a a sumar&#8221;.<\/p>\n\n\n\n<p>L&#8217;objectiu de la Setmana Sense fum, que es du a terme del 25 al 31 de maig, \u00e9s sensibilitzar la poblaci\u00f3 de la import\u00e0ncia, per a la salut, de no iniciar-se o abandonar el consum de tabac, aix\u00ed com poder gaudir d&#8217;un ambient lliure de fum.<\/p>\n\n\n\n<p>Feu un cop d&#8217;ull als seg\u00fcents materials:<\/p>\n\n\n\n<ul><li>P\u00f2ster de la setmana per acolorir: <a href=\"https:\/\/salutpublica.gencat.cat\/ca\/ambits\/promocio_salut\/suma-salut\/dies-mundials\/setmana-sense-fum\/materials-campanya-2022\/#:~:text=P%C3%B2ster%20de%20la%20setmana%20per%20acolorir\">Descarregar<\/a><\/li><li>Guia per deixar de fumar en quatre passos: <a href=\"https:\/\/salutpublica.gencat.cat\/ca\/ambits\/promocio_salut\/suma-salut\/dies-mundials\/setmana-sense-fum\/materials-campanya-2022\/#:~:text=en%20quatres%20passos%20(-,catal%C3%A0,-\/%C2%A0castell%C3%A0)\">Descarregar<\/a><\/li><li>Guia per deixar de fumar: Esf\u00famate del tabaco <a href=\"https:\/\/salutpublica.gencat.cat\/ca\/ambits\/promocio_salut\/suma-salut\/dies-mundials\/setmana-sense-fum\/materials-campanya-2022\/#:~:text=Guia%20per%20deixar%20de%20fumar%3A%20Esf%C3%BAmate%20del%20tabaco\">Descarregar<\/a><\/li><li>Fullet did\u00e0ctic &#8220;Vull cr\u00e9ixer sense fum&#8221; per a pares i mares <a href=\"https:\/\/salutpublica.gencat.cat\/ca\/ambits\/promocio_salut\/suma-salut\/dies-mundials\/setmana-sense-fum\/materials-campanya-2022\/#:~:text=pares%20i%20mares%20(-,catal%C3%A0,-\/%C2%A0castell%C3%A0)\">Descarregar<\/a><\/li><li>Infografia: El tabac, una amena\u00e7a per al desenvolupament <a href=\"https:\/\/salutpublica.gencat.cat\/ca\/ambits\/promocio_salut\/suma-salut\/dies-mundials\/setmana-sense-fum\/materials-campanya-2022\/#:~:text=El%20tabac%2C%20una%20amena%C3%A7a%20per%20al%20desenvolupament\">Descarregar<\/a><\/li><\/ul>\n\n\n\n<p>Trobareu m\u00e9s materials en aquest enlla\u00e7: <a href=\"https:\/\/salutpublica.gencat.cat\/ca\/ambits\/promocio_salut\/suma-salut\/dies-mundials\/setmana-sense-fum\/materials-campanya-2022\">https:\/\/salutpublica.gencat.cat\/ca\/ambits\/promocio_salut\/suma-salut\/dies-mundials\/setmana-sense-fum\/materials-campanya-2022<\/a>\/<\/p>\n\n\n\n<hr class=\"wp-block-separator\"\/>\n\n\n\n<p><strong>CASTELLANO |<\/strong>\u00a0Hoy mi\u00e9rcoles se ha dado inicio a la Semana sin humo, una iniciativa promovida desde la Agencia de Salud P\u00fablica de Catalunya que, este a\u00f1o, tiene el lema &#8220;Vive sin fumar y empieza a sumar&#8221;.<\/p>\n\n\n\n<p>El objetivo de la Semana Sin humo, que se lleva a cabo del 25 al 31 de mayo, es sensibilizar a la poblaci\u00f3n de la importancia, para la salud, de no iniciarse o abandonar el consumo de tabaco, as\u00ed como poder disfrutar de un ambiente libre de humo.<\/p>\n\n\n\n<p>Dadle un vistazo a los siguientes materiales:<\/p>\n\n\n\n<ul><li>P\u00f3ster de la semana para colorear: <a href=\"https:\/\/salutpublica.gencat.cat\/ca\/ambits\/promocio_salut\/suma-salut\/dies-mundials\/setmana-sense-fum\/materials-campanya-2022\/#:~:text=P%C3%B2ster%20de%20la%20setmana%20per%20acolorir\">Descargar<\/a><\/li><li>Gu\u00eda para dejar de fumar en cuatro pasos: <a href=\"https:\/\/salutpublica.gencat.cat\/ca\/ambits\/promocio_salut\/suma-salut\/dies-mundials\/setmana-sense-fum\/materials-campanya-2022\/#:~:text=en%20quatres%20passos%20(-,catal%C3%A0,-\/%C2%A0castell%C3%A0)\">Descargar<\/a><\/li><li>Gu\u00eda para dejar de fumar: Esf\u00famate del tabaco: <a href=\"https:\/\/salutpublica.gencat.cat\/ca\/ambits\/promocio_salut\/suma-salut\/dies-mundials\/setmana-sense-fum\/materials-campanya-2022\/#:~:text=Guia%20per%20deixar%20de%20fumar%3A%20Esf%C3%BAmate%20del%20tabaco\">Descargar<\/a><\/li><li>Folleto did\u00e1ctico &#8220;Quiero crecer sin humo&#8221; para padres y madres <a href=\"https:\/\/salutpublica.gencat.cat\/ca\/ambits\/promocio_salut\/suma-salut\/dies-mundials\/setmana-sense-fum\/materials-campanya-2022\/#:~:text=pares%20i%20mares%20(-,catal%C3%A0,-\/%C2%A0castell%C3%A0)\">Descargar<\/a><\/li><li>Infograf\u00eda: El tabaco, una amenaza para el desarrollo <a href=\"https:\/\/salutpublica.gencat.cat\/ca\/ambits\/promocio_salut\/suma-salut\/dies-mundials\/setmana-sense-fum\/materials-campanya-2022\/#:~:text=El%20tabac%2C%20una%20amena%C3%A7a%20per%20al%20desenvolupament\">Descargar<\/a><\/li><\/ul>\n\n\n\n<p>Encontrar\u00e9is m\u00e1s materiales en este enlace: &nbsp;<a href=\"https:\/\/salutpublica.gencat.cat\/ca\/ambits\/promocio_salut\/suma-salut\/dies-mundials\/setmana-sense-fum\/materials-campanya-2022\">https:\/\/salutpublica.gencat.cat\/ca\/ambits\/promocio_salut\/suma-salut\/dies-mundials\/setmana-sense-fum\/materials-campanya-2022<\/a>\/<\/p>\n","protected":false},"excerpt":{"rendered":"<p>Avui dimecres s&#8217;ha donat el tret de sortida de la Setmana sense fum, una iniciativa promoguda des de l&#8217;Ag\u00e8ncia de Salut P\u00fablica de Catalunya que, enguany, t\u00e9 el lema &#8220;Viu &hellip; <a href=\"https:\/\/bisbalpenedes.com\/web\/2022\/05\/25\/del-25-al-31-de-maig-es-du-a-terme-la-setmana-sense-fum-amb-el-lema-viu-sense-fumar-i-comenca-a-sumar\/\" class=\"more-link\">Read More<\/a><\/p>\n","protected":false},"author":4,"featured_media":21936,"comment_status":"closed","ping_status":"closed","sticky":false,"template":"","format":"standard","meta":[],"categories":[8,14],"tags":[459,5278,393,1374,145,28,5279,4536,5280],"_links":{"self":[{"href":"https:\/\/bisbalpenedes.com\/web\/wp-json\/wp\/v2\/posts\/21934"}],"collection":[{"href":"https:\/\/bisbalpenedes.com\/web\/wp-json\/wp\/v2\/posts"}],"about":[{"href":"https:\/\/bisbalpenedes.com\/web\/wp-json\/wp\/v2\/types\/post"}],"author":[{"embeddable":true,"href":"https:\/\/bisbalpenedes.com\/web\/wp-json\/wp\/v2\/users\/4"}],"replies":[{"embeddable":true,"href":"https:\/\/bisbalpenedes.com\/web\/wp-json\/wp\/v2\/comments?post=21934"}],"version-history":[{"count":2,"href":"https:\/\/bisbalpenedes.com\/web\/wp-json\/wp\/v2\/posts\/21934\/revisions"}],"predecessor-version":[{"id":21937,"href":"https:\/\/bisbalpenedes.com\/web\/wp-json\/wp\/v2\/posts\/21934\/revisions\/21937"}],"wp:featuredmedia":[{"embeddable":true,"href":"https:\/\/bisbalpenedes.com\/web\/wp-json\/wp\/v2\/media\/21936"}],"wp:attachment":[{"href":"https:\/\/bisbalpenedes.com\/web\/wp-json\/wp\/v2\/media?parent=21934"}],"wp:term":[{"taxonomy":"category","embeddable":true,"href":"https:\/\/bisbalpenedes.com\/web\/wp-json\/wp\/v2\/categories?post=21934"},{"taxonomy":"post_tag","embeddable":true,"href":"https:\/\/bisbalpenedes.com\/web\/wp-json\/wp\/v2\/tags?post=21934"}],"curies":[{"name":"wp","href":"https:\/\/api.w.org\/{rel}","templated":true}]}}