{"id":21921,"date":"2022-05-25T11:10:58","date_gmt":"2022-05-25T09:10:58","guid":{"rendered":"https:\/\/bisbalpenedes.com\/web\/?p=21921"},"modified":"2022-05-25T11:10:58","modified_gmt":"2022-05-25T09:10:58","slug":"el-diumenge-5-de-juny-la-companyia-la-k-mama-representara-la-casa-de-bernarda-alba-a-la-societat-amb-motiu-de-lany-lorca","status":"publish","type":"post","link":"https:\/\/bisbalpenedes.com\/web\/2022\/05\/25\/el-diumenge-5-de-juny-la-companyia-la-k-mama-representara-la-casa-de-bernarda-alba-a-la-societat-amb-motiu-de-lany-lorca\/","title":{"rendered":"El diumenge 5 de juny la companyia La K-mama representar\u00e0 &#8220;La Casa de Bernarda Alba&#8221; a la Societat amb motiu de l&#8217;Any Lorca"},"content":{"rendered":"\n<p>La hist\u00f2rica companyia calafellenca La K-mama representar\u00e0 &#8220;La Casa de Bernarda Alba&#8221; a la Societat Cultural i Recreativa Bisbalenca amb motiu de l&#8217;Any Lorca.<\/p>\n\n\n\n<p><br>Podreu veure l&#8217;obra el diumenge 5 de juny, a les 19h.<\/p>\n\n\n\n<p><br>Important: l&#8217;entrada \u00e9s lliure i les portes es tancaran 5 minuts abans de la representaci\u00f3, per tant, us recomanem que arribeu amb temps a la representaci\u00f3.<\/p>\n\n\n\n<hr class=\"wp-block-separator\"\/>\n\n\n\n<p>La hist\u00f3rica compa\u00f1\u00eda de Calafell La K-mama representar\u00e1 &#8220;la Casa de Bernarda Alba&#8221; en la Societat Cultural i Recreativa Bisbalenca con motivo del A\u00f1o Lorca.<\/p>\n\n\n\n<p><br>Podr\u00e9is ver la obra el domingo 5 de junio, a las 19h.<\/p>\n\n\n\n<p><br>Importante: la entrada es libre y las puertas se cerrar\u00e1n 5 minutos antes de la representaci\u00f3n, por tanto, os recomendamos que llegu\u00e9is con tiempo a la representaci\u00f3n.<\/p>\n","protected":false},"excerpt":{"rendered":"<p>La hist\u00f2rica companyia calafellenca La K-mama representar\u00e0 &#8220;La Casa de Bernarda Alba&#8221; a la Societat Cultural i Recreativa Bisbalenca amb motiu de l&#8217;Any Lorca. Podreu veure l&#8217;obra el diumenge 5 &hellip; <a href=\"https:\/\/bisbalpenedes.com\/web\/2022\/05\/25\/el-diumenge-5-de-juny-la-companyia-la-k-mama-representara-la-casa-de-bernarda-alba-a-la-societat-amb-motiu-de-lany-lorca\/\" class=\"more-link\">Read More<\/a><\/p>\n","protected":false},"author":4,"featured_media":21922,"comment_status":"closed","ping_status":"closed","sticky":false,"template":"","format":"standard","meta":[],"categories":[2942,13,8],"tags":[5273,459,2069,225,393,5274,5275,285],"_links":{"self":[{"href":"https:\/\/bisbalpenedes.com\/web\/wp-json\/wp\/v2\/posts\/21921"}],"collection":[{"href":"https:\/\/bisbalpenedes.com\/web\/wp-json\/wp\/v2\/posts"}],"about":[{"href":"https:\/\/bisbalpenedes.com\/web\/wp-json\/wp\/v2\/types\/post"}],"author":[{"embeddable":true,"href":"https:\/\/bisbalpenedes.com\/web\/wp-json\/wp\/v2\/users\/4"}],"replies":[{"embeddable":true,"href":"https:\/\/bisbalpenedes.com\/web\/wp-json\/wp\/v2\/comments?post=21921"}],"version-history":[{"count":1,"href":"https:\/\/bisbalpenedes.com\/web\/wp-json\/wp\/v2\/posts\/21921\/revisions"}],"predecessor-version":[{"id":21923,"href":"https:\/\/bisbalpenedes.com\/web\/wp-json\/wp\/v2\/posts\/21921\/revisions\/21923"}],"wp:featuredmedia":[{"embeddable":true,"href":"https:\/\/bisbalpenedes.com\/web\/wp-json\/wp\/v2\/media\/21922"}],"wp:attachment":[{"href":"https:\/\/bisbalpenedes.com\/web\/wp-json\/wp\/v2\/media?parent=21921"}],"wp:term":[{"taxonomy":"category","embeddable":true,"href":"https:\/\/bisbalpenedes.com\/web\/wp-json\/wp\/v2\/categories?post=21921"},{"taxonomy":"post_tag","embeddable":true,"href":"https:\/\/bisbalpenedes.com\/web\/wp-json\/wp\/v2\/tags?post=21921"}],"curies":[{"name":"wp","href":"https:\/\/api.w.org\/{rel}","templated":true}]}}