{"id":21907,"date":"2022-05-24T13:38:40","date_gmt":"2022-05-24T11:38:40","guid":{"rendered":"https:\/\/bisbalpenedes.com\/web\/?p=21907"},"modified":"2022-05-24T13:38:40","modified_gmt":"2022-05-24T11:38:40","slug":"avis-de-tall-al-transit-del-carrer-cordoba-del-priorat-de-la-bisbal-aquest-dimecres-25-de-maig-de-15-a-17h","status":"publish","type":"post","link":"https:\/\/bisbalpenedes.com\/web\/2022\/05\/24\/avis-de-tall-al-transit-del-carrer-cordoba-del-priorat-de-la-bisbal-aquest-dimecres-25-de-maig-de-15-a-17h\/","title":{"rendered":"Av\u00eds de tall al tr\u00e0nsit del carrer C\u00f3rdoba del Priorat de la Bisbal &#8211; Aquest dimecres 25 de maig de 15 a 17h"},"content":{"rendered":"\n<p>Aquest dimecres 25 de maig, de 15 a 17h, el carrer C\u00f3rdoba es tallar\u00e0 al tr\u00e0nsit de vehicles. Disculpeu les mol\u00e8sties.<\/p>\n\n\n\n<hr class=\"wp-block-separator\"\/>\n\n\n\n<p>Este mi\u00e9rcoles 25 de mayo, de 15 a 17h, la calle C\u00f3rdoba se cortar\u00e1 al tr\u00e1fico de veh\u00edculos.Disculpad las molestias.<\/p>\n","protected":false},"excerpt":{"rendered":"<p>Aquest dimecres 25 de maig, de 15 a 17h, el carrer C\u00f3rdoba es tallar\u00e0 al tr\u00e0nsit de vehicles. Disculpeu les mol\u00e8sties. Este mi\u00e9rcoles 25 de mayo, de 15 a 17h, &hellip; <a href=\"https:\/\/bisbalpenedes.com\/web\/2022\/05\/24\/avis-de-tall-al-transit-del-carrer-cordoba-del-priorat-de-la-bisbal-aquest-dimecres-25-de-maig-de-15-a-17h\/\" class=\"more-link\">Read More<\/a><\/p>\n","protected":false},"author":4,"featured_media":21908,"comment_status":"closed","ping_status":"closed","sticky":false,"template":"","format":"standard","meta":[],"categories":[1628,8],"tags":[393,520],"_links":{"self":[{"href":"https:\/\/bisbalpenedes.com\/web\/wp-json\/wp\/v2\/posts\/21907"}],"collection":[{"href":"https:\/\/bisbalpenedes.com\/web\/wp-json\/wp\/v2\/posts"}],"about":[{"href":"https:\/\/bisbalpenedes.com\/web\/wp-json\/wp\/v2\/types\/post"}],"author":[{"embeddable":true,"href":"https:\/\/bisbalpenedes.com\/web\/wp-json\/wp\/v2\/users\/4"}],"replies":[{"embeddable":true,"href":"https:\/\/bisbalpenedes.com\/web\/wp-json\/wp\/v2\/comments?post=21907"}],"version-history":[{"count":1,"href":"https:\/\/bisbalpenedes.com\/web\/wp-json\/wp\/v2\/posts\/21907\/revisions"}],"predecessor-version":[{"id":21909,"href":"https:\/\/bisbalpenedes.com\/web\/wp-json\/wp\/v2\/posts\/21907\/revisions\/21909"}],"wp:featuredmedia":[{"embeddable":true,"href":"https:\/\/bisbalpenedes.com\/web\/wp-json\/wp\/v2\/media\/21908"}],"wp:attachment":[{"href":"https:\/\/bisbalpenedes.com\/web\/wp-json\/wp\/v2\/media?parent=21907"}],"wp:term":[{"taxonomy":"category","embeddable":true,"href":"https:\/\/bisbalpenedes.com\/web\/wp-json\/wp\/v2\/categories?post=21907"},{"taxonomy":"post_tag","embeddable":true,"href":"https:\/\/bisbalpenedes.com\/web\/wp-json\/wp\/v2\/tags?post=21907"}],"curies":[{"name":"wp","href":"https:\/\/api.w.org\/{rel}","templated":true}]}}