{"id":21902,"date":"2022-05-24T13:31:32","date_gmt":"2022-05-24T11:31:32","guid":{"rendered":"https:\/\/bisbalpenedes.com\/web\/?p=21902"},"modified":"2022-05-24T13:31:32","modified_gmt":"2022-05-24T11:31:32","slug":"avis-per-intensitat-de-pluja-per-al-dimarts-24-de-maig-i-el-dimecres-25-de-maig","status":"publish","type":"post","link":"https:\/\/bisbalpenedes.com\/web\/2022\/05\/24\/avis-per-intensitat-de-pluja-per-al-dimarts-24-de-maig-i-el-dimecres-25-de-maig\/","title":{"rendered":"Av\u00eds per intensitat de pluja per al dimarts 24 de maig i el dimecres 25 de maig"},"content":{"rendered":"\n<p>S&#8217;han activat avisos per intensitat de pluja per aquesta tarda i nit i la propera matinada. Els x\u00e0fecs aniran acompanyats localment de tempesta i no es descarta que de calamarsa. Extremeu les precaucions.<\/p>\n\n\n\n<hr class=\"wp-block-separator\"\/>\n\n\n\n<p>Se han activado avisos por intensidad de lluvia para esta tarde y noche y para la pr\u00f3xima madrugada. Los chubascos ir\u00e1n acompa\u00f1ados localmente de tormenta y no se descarta que de granizo. Extremad las precauciones.<\/p>\n\n\n\n<figure class=\"wp-block-image size-large\"><img loading=\"lazy\" width=\"768\" height=\"1024\" src=\"https:\/\/bisbalpenedes.com\/web\/wp-content\/uploads\/2022\/05\/IMG_0879-Gran-768x1024.jpeg\" alt=\"\" class=\"wp-image-21903\" srcset=\"https:\/\/bisbalpenedes.com\/web\/wp-content\/uploads\/2022\/05\/IMG_0879-Gran-768x1024.jpeg 768w, https:\/\/bisbalpenedes.com\/web\/wp-content\/uploads\/2022\/05\/IMG_0879-Gran-225x300.jpeg 225w, https:\/\/bisbalpenedes.com\/web\/wp-content\/uploads\/2022\/05\/IMG_0879-Gran-600x800.jpeg 600w, https:\/\/bisbalpenedes.com\/web\/wp-content\/uploads\/2022\/05\/IMG_0879-Gran.jpeg 960w\" sizes=\"(max-width: 768px) 100vw, 768px\" \/><\/figure>\n","protected":false},"excerpt":{"rendered":"<p>S&#8217;han activat avisos per intensitat de pluja per aquesta tarda i nit i la propera matinada. Els x\u00e0fecs aniran acompanyats localment de tempesta i no es descarta que de calamarsa. &hellip; <a href=\"https:\/\/bisbalpenedes.com\/web\/2022\/05\/24\/avis-per-intensitat-de-pluja-per-al-dimarts-24-de-maig-i-el-dimecres-25-de-maig\/\" class=\"more-link\">Read More<\/a><\/p>\n","protected":false},"author":4,"featured_media":21904,"comment_status":"closed","ping_status":"closed","sticky":false,"template":"","format":"standard","meta":[],"categories":[2543,8],"tags":[4613,3565,459,393,2050,1188,2474],"_links":{"self":[{"href":"https:\/\/bisbalpenedes.com\/web\/wp-json\/wp\/v2\/posts\/21902"}],"collection":[{"href":"https:\/\/bisbalpenedes.com\/web\/wp-json\/wp\/v2\/posts"}],"about":[{"href":"https:\/\/bisbalpenedes.com\/web\/wp-json\/wp\/v2\/types\/post"}],"author":[{"embeddable":true,"href":"https:\/\/bisbalpenedes.com\/web\/wp-json\/wp\/v2\/users\/4"}],"replies":[{"embeddable":true,"href":"https:\/\/bisbalpenedes.com\/web\/wp-json\/wp\/v2\/comments?post=21902"}],"version-history":[{"count":1,"href":"https:\/\/bisbalpenedes.com\/web\/wp-json\/wp\/v2\/posts\/21902\/revisions"}],"predecessor-version":[{"id":21905,"href":"https:\/\/bisbalpenedes.com\/web\/wp-json\/wp\/v2\/posts\/21902\/revisions\/21905"}],"wp:featuredmedia":[{"embeddable":true,"href":"https:\/\/bisbalpenedes.com\/web\/wp-json\/wp\/v2\/media\/21904"}],"wp:attachment":[{"href":"https:\/\/bisbalpenedes.com\/web\/wp-json\/wp\/v2\/media?parent=21902"}],"wp:term":[{"taxonomy":"category","embeddable":true,"href":"https:\/\/bisbalpenedes.com\/web\/wp-json\/wp\/v2\/categories?post=21902"},{"taxonomy":"post_tag","embeddable":true,"href":"https:\/\/bisbalpenedes.com\/web\/wp-json\/wp\/v2\/tags?post=21902"}],"curies":[{"name":"wp","href":"https:\/\/api.w.org\/{rel}","templated":true}]}}