{"id":21858,"date":"2022-05-20T15:17:40","date_gmt":"2022-05-20T13:17:40","guid":{"rendered":"https:\/\/bisbalpenedes.com\/web\/?p=21858"},"modified":"2022-05-20T15:17:40","modified_gmt":"2022-05-20T13:17:40","slug":"la-tecnica-docupacio-del-som-bisbal-ha-assistit-a-la-fira-docupacio-de-tarragoma-aquest-dijous","status":"publish","type":"post","link":"https:\/\/bisbalpenedes.com\/web\/2022\/05\/20\/la-tecnica-docupacio-del-som-bisbal-ha-assistit-a-la-fira-docupacio-de-tarragoma-aquest-dijous\/","title":{"rendered":"La t\u00e8cnica d&#8217;Ocupaci\u00f3 del SOM Bisbal ha assistit a la Fira d&#8217;Ocupaci\u00f3 de Tarragoma aquest dijous"},"content":{"rendered":"\n<p>La t\u00e8cnica d&#8217;Ocupaci\u00f3 del SOM Bisbal, Arantzazu Longares, ha estat present, aquest dijous, en la Fira d&#8217;Ocupaci\u00f3 de Tarragona, que ha comptat amb diversos tallers relacionats amb la cerca de feina (entrevistes, processos de selecci\u00f3&#8230;) i l&#8217;FP Dual per a la inserci\u00f3 laboral. La Fira ha comptat amb una seixantena d&#8217;empreses participants -amb ofertes de feina publicades amb anterioritat- i la visita de 2.500 persones.<\/p>\n\n\n\n<p>La t\u00e8cnica d&#8217;Ocupaci\u00f3 ha aprofitat la jornada per crear sinergies amb altres actes relacionats amb l&#8217;\u00e0rea d&#8217;ocupaci\u00f3 de la demarcaci\u00f3 aix\u00ed com per parlar amb algunes de les empreses participants amb l&#8217;objectiu de poder oferir les seves ofertes des del SOM Bisbal.<\/p>\n\n\n\n<hr class=\"wp-block-separator\"\/>\n\n\n\n<p>La t\u00e9cnica de Ocupaci\u00f3n del SOM Bisbal, Arantzazu Longares, ha estado presente, este jueves, en la Fira d&#8217;Ocupaci\u00f3 de Tarragona, que ha contado con varios talleres relacionados con la b\u00fasqueda de trabajo (entrevistas, procesos de selecci\u00f3n&#8230;) y la FP Dual para la inserci\u00f3n laboral. La Fira ha contado con sesenta empresas participantes -con ofertas de trabajo publicadas con anterioridad- y la visita de 2.500 personas.<\/p>\n\n\n\n<p>La t\u00e9cnica de Ocupaci\u00f3n ha aprovechado la jornada para crear sinergias con otros actos relacionados con el \u00e1rea de ocupaci\u00f3n de la demarcaci\u00f3n, as\u00ed como para hablar con algunas de las empresas participantes con el objetivo de poder ofrecer sus ofertas desde el SOM Bisbal.<\/p>\n","protected":false},"excerpt":{"rendered":"<p>La t\u00e8cnica d&#8217;Ocupaci\u00f3 del SOM Bisbal, Arantzazu Longares, ha estat present, aquest dijous, en la Fira d&#8217;Ocupaci\u00f3 de Tarragona, que ha comptat amb diversos tallers relacionats amb la cerca de &hellip; <a href=\"https:\/\/bisbalpenedes.com\/web\/2022\/05\/20\/la-tecnica-docupacio-del-som-bisbal-ha-assistit-a-la-fira-docupacio-de-tarragoma-aquest-dijous\/\" class=\"more-link\">Read More<\/a><\/p>\n","protected":false},"author":4,"featured_media":21859,"comment_status":"closed","ping_status":"closed","sticky":false,"template":"","format":"standard","meta":[],"categories":[8],"tags":[41,2890,393,10,271],"_links":{"self":[{"href":"https:\/\/bisbalpenedes.com\/web\/wp-json\/wp\/v2\/posts\/21858"}],"collection":[{"href":"https:\/\/bisbalpenedes.com\/web\/wp-json\/wp\/v2\/posts"}],"about":[{"href":"https:\/\/bisbalpenedes.com\/web\/wp-json\/wp\/v2\/types\/post"}],"author":[{"embeddable":true,"href":"https:\/\/bisbalpenedes.com\/web\/wp-json\/wp\/v2\/users\/4"}],"replies":[{"embeddable":true,"href":"https:\/\/bisbalpenedes.com\/web\/wp-json\/wp\/v2\/comments?post=21858"}],"version-history":[{"count":1,"href":"https:\/\/bisbalpenedes.com\/web\/wp-json\/wp\/v2\/posts\/21858\/revisions"}],"predecessor-version":[{"id":21860,"href":"https:\/\/bisbalpenedes.com\/web\/wp-json\/wp\/v2\/posts\/21858\/revisions\/21860"}],"wp:featuredmedia":[{"embeddable":true,"href":"https:\/\/bisbalpenedes.com\/web\/wp-json\/wp\/v2\/media\/21859"}],"wp:attachment":[{"href":"https:\/\/bisbalpenedes.com\/web\/wp-json\/wp\/v2\/media?parent=21858"}],"wp:term":[{"taxonomy":"category","embeddable":true,"href":"https:\/\/bisbalpenedes.com\/web\/wp-json\/wp\/v2\/categories?post=21858"},{"taxonomy":"post_tag","embeddable":true,"href":"https:\/\/bisbalpenedes.com\/web\/wp-json\/wp\/v2\/tags?post=21858"}],"curies":[{"name":"wp","href":"https:\/\/api.w.org\/{rel}","templated":true}]}}