{"id":21822,"date":"2022-05-20T11:02:59","date_gmt":"2022-05-20T09:02:59","guid":{"rendered":"https:\/\/bisbalpenedes.com\/web\/?p=21822"},"modified":"2022-05-20T11:05:54","modified_gmt":"2022-05-20T09:05:54","slug":"el-director-de-serveis-territorials-de-presidencia-a-tarragona-ha-visitat-lalcaldessa-agnes-ferre-aquesta-setmana","status":"publish","type":"post","link":"https:\/\/bisbalpenedes.com\/web\/2022\/05\/20\/el-director-de-serveis-territorials-de-presidencia-a-tarragona-ha-visitat-lalcaldessa-agnes-ferre-aquesta-setmana\/","title":{"rendered":"El Director de Serveis Territorials de Presid\u00e8ncia a Tarragona, \u00c0ngel Cortadelles, ha visitat l&#8217;alcaldessa Agn\u00e8s Ferr\u00e9 aquest dimarts"},"content":{"rendered":"\n<p>El Director dels Serveis Territorials de Presid\u00e8ncia a Tarragona, \u00c0ngel Cortadelles i Bacaria, ha visitat l&#8217;alcaldessa de la Bisbal del Pened\u00e8s, Agn\u00e8s Ferr\u00e9, aquest dimarts. Cortadelles est\u00e0 fent visites a les alcaldies de la comarca per recollir consultes, dubtes o reclamacions per a la Generalitat. Durant la conversa, l&#8217;alcaldessa bisbalenca li ha traslladat els dubtes que ha generat la gratu\u00eftat de P2 per al curs vinent i tamb\u00e9 ha exposat el comprom\u00eds que va adquirir la Generalitat per arranjar la carretera que va als pol\u00edgons industrials i dos temes m\u00e9s que tenen relaci\u00f3 amb la comarca: l&#8217;ampliaci\u00f3 de l&#8217;Hospital Comarcal del Vendrell i l&#8217;ampliaci\u00f3 de l&#8217;oferta de cicles formatius. Durant la reuni\u00f3, tamb\u00e9 han parat del Pla \u00danic d&#8217;Obres i Serveis (PUOSC), la subvenci\u00f3 prevista per dur a terme el canvi de la xarxa d&#8217;aigua, l&#8217;enllumenat p\u00fablic i les telecomunicacions.<\/p>\n\n\n\n<hr class=\"wp-block-separator\"\/>\n\n\n\n<p>El Director de los Servicios Territoriales de Presidencia en Tarragona, \u00c0ngel Cortadelles i Bacaria, ha visitado a la alcaldesa de la Bisbal del Pened\u00e8s, Agn\u00e8s Ferr\u00e9, este martes. Cortadelles est\u00e1 haciendo visitas a las alcald\u00edas de la comarca para recoger consultas, dudas o reclamaciones para la Generalitat. Durante la conversaci\u00f3n, la alcaldesa de la Bisbal le ha trasladado las dudas que ha generado la gratuidad de P2 para el curso que viene y tambi\u00e9n ha expuesto el compromiso que adquiri\u00f3 la Generalitat para arreglar la carretera que va a los pol\u00edgonos industriales y dos temas m\u00e1s que tienen relaci\u00f3n con la comarca: la ampliaci\u00f3n del Hospital Comarcal del Vendrell y la ampliaci\u00f3n de la oferta de ciclos formativos. Durante la reuni\u00f3n, tambi\u00e9n han hablado del Plan \u00danico de Obras y Servicios (PUOSC), la subvenci\u00f3n prevista para llevar a cabo el cambio de la red de agua, el alumbrado p\u00fablico y las comunicaciones.<\/p>\n","protected":false},"excerpt":{"rendered":"<p>El Director dels Serveis Territorials de Presid\u00e8ncia a Tarragona, \u00c0ngel Cortadelles i Bacaria, ha visitat l&#8217;alcaldessa de la Bisbal del Pened\u00e8s, Agn\u00e8s Ferr\u00e9, aquest dimarts. Cortadelles est\u00e0 fent visites a &hellip; <a href=\"https:\/\/bisbalpenedes.com\/web\/2022\/05\/20\/el-director-de-serveis-territorials-de-presidencia-a-tarragona-ha-visitat-lalcaldessa-agnes-ferre-aquesta-setmana\/\" class=\"more-link\">Read More<\/a><\/p>\n","protected":false},"author":4,"featured_media":21823,"comment_status":"closed","ping_status":"closed","sticky":false,"template":"","format":"standard","meta":[],"categories":[2057,8],"tags":[1151,5254,5253,393,1337,3354],"_links":{"self":[{"href":"https:\/\/bisbalpenedes.com\/web\/wp-json\/wp\/v2\/posts\/21822"}],"collection":[{"href":"https:\/\/bisbalpenedes.com\/web\/wp-json\/wp\/v2\/posts"}],"about":[{"href":"https:\/\/bisbalpenedes.com\/web\/wp-json\/wp\/v2\/types\/post"}],"author":[{"embeddable":true,"href":"https:\/\/bisbalpenedes.com\/web\/wp-json\/wp\/v2\/users\/4"}],"replies":[{"embeddable":true,"href":"https:\/\/bisbalpenedes.com\/web\/wp-json\/wp\/v2\/comments?post=21822"}],"version-history":[{"count":4,"href":"https:\/\/bisbalpenedes.com\/web\/wp-json\/wp\/v2\/posts\/21822\/revisions"}],"predecessor-version":[{"id":21827,"href":"https:\/\/bisbalpenedes.com\/web\/wp-json\/wp\/v2\/posts\/21822\/revisions\/21827"}],"wp:featuredmedia":[{"embeddable":true,"href":"https:\/\/bisbalpenedes.com\/web\/wp-json\/wp\/v2\/media\/21823"}],"wp:attachment":[{"href":"https:\/\/bisbalpenedes.com\/web\/wp-json\/wp\/v2\/media?parent=21822"}],"wp:term":[{"taxonomy":"category","embeddable":true,"href":"https:\/\/bisbalpenedes.com\/web\/wp-json\/wp\/v2\/categories?post=21822"},{"taxonomy":"post_tag","embeddable":true,"href":"https:\/\/bisbalpenedes.com\/web\/wp-json\/wp\/v2\/tags?post=21822"}],"curies":[{"name":"wp","href":"https:\/\/api.w.org\/{rel}","templated":true}]}}