{"id":21818,"date":"2022-05-20T10:24:20","date_gmt":"2022-05-20T08:24:20","guid":{"rendered":"https:\/\/bisbalpenedes.com\/web\/?p=21818"},"modified":"2022-05-20T10:28:18","modified_gmt":"2022-05-20T08:28:18","slug":"la-casa-de-cultura-allotja-de-forma-permanent-dos-plafons-informatius-que-expliquen-la-seva-historia","status":"publish","type":"post","link":"https:\/\/bisbalpenedes.com\/web\/2022\/05\/20\/la-casa-de-cultura-allotja-de-forma-permanent-dos-plafons-informatius-que-expliquen-la-seva-historia\/","title":{"rendered":"La Casa de Cultura allotja de forma permanent dos plafons informatius que expliquen la seva hist\u00f2ria"},"content":{"rendered":"\n<p>L&#8217;Ajuntament de la Bisbal del Pened\u00e8s ha instal\u00b7lat, recentment, dos plafons informatius a la Casa de Cultura amb l&#8217;objectiu de donar a con\u00e8ixer el patrimoni hist\u00f2ric i cultural bisbalenc. Aquests, van formar part de l&#8217;exposici\u00f3 &#8220;65 anys de la Casa de Cultura, un projecte singular&#8221;, organitzada per la Regidoria de Cultura, i recullen les m\u00e9s de sis d\u00e8cades d&#8217;hist\u00f2ria de l&#8217;edifici.<\/p>\n\n\n\n<p>La Casa de Cultura, ubicada al davant de l&#8217;Ajuntament, fou inaugurada el 1956 amb la denominaci\u00f3 de Casa de Cultura, per acollir la biblioteca, el museu i l&#8217;arxiu municipal, sent el primer edifici bisbalenc constru\u00eft amb la idea d&#8217;atreure, conservar i dinamitzar la cultura local.<\/p>\n\n\n\n<p>En l&#8217;actualitat, l&#8217;edifici de la Casa de Cultura allotja les seus socials de l&#8217;Associaci\u00f3 de Dones La Roca Foradada i el Ball de Diables de la Bisbal i, les persones que visitin aquest espai podran endinsar-se en la hist\u00f2ria d&#8217;aquest edifici.<\/p>\n\n\n\n<hr class=\"wp-block-separator\"\/>\n\n\n\n<p>El Ayuntamiento de la Bisbal del Pened\u00e8s ha instalado, recientemente, dos plafones informativos en la Casa de Cultura con el objetivo de dar a conocer el patrimonio hist\u00f3rico y cultural bisbalense. Estos formaron parte de la exposici\u00f3n &#8220;65 a\u00f1os de la Casa de Cultura, un proyecto singular&#8221;, organizada por la Concejal\u00eda de Cultura, y recogen las m\u00e1s de seis d\u00e9cadas de historia del edificio.<\/p>\n\n\n\n<p>La Casa de la Cultura, ubicada delante del Ayuntamiento, se inaugur\u00f3 en el 1956 con la denominaci\u00f3n de Casa de Cultura, para acoger la biblioteca, el museo y el archivo municipal, siendo el primer edificio bisbalense construido con la idea de atraer, conservar y dinamizar la cultura local.<\/p>\n\n\n\n<p>En la actualidad, el edificio de la Casa de Cultura aloja las sedes sociales de la Associaci\u00f3 de Dones La Roca Foradada y el Ball de Diables de la Bisbal y, las personas que visiten este espacio se podr\u00e1n adentrar en la historia de este edificio.<\/p>\n","protected":false},"excerpt":{"rendered":"<p>L&#8217;Ajuntament de la Bisbal del Pened\u00e8s ha instal\u00b7lat, recentment, dos plafons informatius a la Casa de Cultura amb l&#8217;objectiu de donar a con\u00e8ixer el patrimoni hist\u00f2ric i cultural bisbalenc. Aquests, &hellip; <a href=\"https:\/\/bisbalpenedes.com\/web\/2022\/05\/20\/la-casa-de-cultura-allotja-de-forma-permanent-dos-plafons-informatius-que-expliquen-la-seva-historia\/\" class=\"more-link\">Read More<\/a><\/p>\n","protected":false},"author":4,"featured_media":21821,"comment_status":"closed","ping_status":"closed","sticky":false,"template":"","format":"standard","meta":[],"categories":[13,8],"tags":[5252,393],"_links":{"self":[{"href":"https:\/\/bisbalpenedes.com\/web\/wp-json\/wp\/v2\/posts\/21818"}],"collection":[{"href":"https:\/\/bisbalpenedes.com\/web\/wp-json\/wp\/v2\/posts"}],"about":[{"href":"https:\/\/bisbalpenedes.com\/web\/wp-json\/wp\/v2\/types\/post"}],"author":[{"embeddable":true,"href":"https:\/\/bisbalpenedes.com\/web\/wp-json\/wp\/v2\/users\/4"}],"replies":[{"embeddable":true,"href":"https:\/\/bisbalpenedes.com\/web\/wp-json\/wp\/v2\/comments?post=21818"}],"version-history":[{"count":1,"href":"https:\/\/bisbalpenedes.com\/web\/wp-json\/wp\/v2\/posts\/21818\/revisions"}],"predecessor-version":[{"id":21820,"href":"https:\/\/bisbalpenedes.com\/web\/wp-json\/wp\/v2\/posts\/21818\/revisions\/21820"}],"wp:featuredmedia":[{"embeddable":true,"href":"https:\/\/bisbalpenedes.com\/web\/wp-json\/wp\/v2\/media\/21821"}],"wp:attachment":[{"href":"https:\/\/bisbalpenedes.com\/web\/wp-json\/wp\/v2\/media?parent=21818"}],"wp:term":[{"taxonomy":"category","embeddable":true,"href":"https:\/\/bisbalpenedes.com\/web\/wp-json\/wp\/v2\/categories?post=21818"},{"taxonomy":"post_tag","embeddable":true,"href":"https:\/\/bisbalpenedes.com\/web\/wp-json\/wp\/v2\/tags?post=21818"}],"curies":[{"name":"wp","href":"https:\/\/api.w.org\/{rel}","templated":true}]}}