{"id":2181,"date":"2017-03-31T11:58:28","date_gmt":"2017-03-31T05:58:28","guid":{"rendered":"http:\/\/bisbalpenedes.com\/web\/?p=2181"},"modified":"2017-03-31T11:58:28","modified_gmt":"2017-03-31T05:58:28","slug":"som-bisbal-fa-un-balanc-positiu-del-seu-primer-any-de-funcionament","status":"publish","type":"post","link":"https:\/\/bisbalpenedes.com\/web\/2017\/03\/31\/som-bisbal-fa-un-balanc-positiu-del-seu-primer-any-de-funcionament\/","title":{"rendered":"SOM Bisbal fa un balan\u00e7 positiu del seu primer any de funcionament"},"content":{"rendered":"<p><a href=\"http:\/\/bisbalpenedes.com\/web\/wp-content\/uploads\/2016\/03\/SOM_Bisbal.png\"><img loading=\"lazy\" class=\"aligncenter size-medium wp-image-1415\" title=\"SOM_Bisbal\" src=\"http:\/\/bisbalpenedes.com\/web\/wp-content\/uploads\/2016\/03\/SOM_Bisbal-300x212.png\" alt=\"SOM Bisbal\" width=\"300\" height=\"212\" srcset=\"https:\/\/bisbalpenedes.com\/web\/wp-content\/uploads\/2016\/03\/SOM_Bisbal-300x212.png 300w, https:\/\/bisbalpenedes.com\/web\/wp-content\/uploads\/2016\/03\/SOM_Bisbal.png 364w\" sizes=\"(max-width: 300px) 100vw, 300px\" \/><\/a><\/p>\n<p>El Servei d\u2019Ocupaci\u00f3 Municipal de La Bisbal del Pened\u00e8s (SOM Bisbal) fa un balan\u00e7 positiu del seu primer any de funcionament. Des del gener de 2016 s\u2019han ofert un total de 129 llocs de treball i s\u2019ha aconseguit inserir, a trav\u00e9s del servei, un total de 73 persones.\u00a0 Val a dir que 23 persones m\u00e9s han trobat feina en ofertes externes a la borsa del servei per\u00f2 han comptat tamb\u00e9 amb l\u2019ajuda de l\u2019assessorament i de l\u2019orientaci\u00f3 laboral que s\u2019hi ofereix. En total s\u2019han fet 436 actuacions directes d\u2019orientaci\u00f3 laboral i s\u2019han enviat 2113 missatges en l\u00ednia amb informaci\u00f3 per als usuaris.<\/p>\n<p>Val a dir que des de SOM Bisbal tamb\u00e9 es promou la formaci\u00f3 (fins ara s\u2019han ofert 3 cursos de catal\u00e0, 1 d\u2019ortografia catalana i 3 tallers laborals) i es tiren endavant diversos projectes i col\u00b7laboracions amb altres administracions. Fins al moment s\u2019han engegat 9 projectes sociolaborals (Skla, Start, Trefo, Pla Foment Diputaci\u00f3, Joves en pr\u00e0ctiques de Garantia Juvenil i 4 convenis de col\u00b7laboraci\u00f3 social amb el SOC).<\/p>\n<p>En l\u2019actualitat hi ha 628 persones donades d\u2019alta a la borsa del SOM Bisbal. Una tercera part d\u2019aquestes persones s\u2019han inscrit a trav\u00e9s del <a href=\"http:\/\/bisbalpenedes.com\/web\/?page_id=1457\">servei en l\u00ednia<\/a> a la web de l\u2019Ajuntament.<\/p>\n<p><strong>IDESCAT<\/strong><\/p>\n<p>Si tenim en compte les dades de l\u2019IDESCAT, veurem que al juny de 2015 l\u2019atur registrat al Baix Pened\u00e8s era d\u2019un 22,53% i a La Bisbal del Pened\u00e8s d\u2019un 26,88%. Al febrer de 2017 l\u2019atur registrat va ser d\u2019un 21,47% (8.842 aturats) al Baix Pened\u00e8s i d\u2019un 23,72% (318 aturats) a La Bisbal del Pened\u00e8s. Per tant, podem afirmar que a La Bisbal del Pened\u00e8s hi ha 68 aturats menys que al juny de 2015.<\/p>\n","protected":false},"excerpt":{"rendered":"<p>El Servei d\u2019Ocupaci\u00f3 Municipal de La Bisbal del Pened\u00e8s (SOM Bisbal) fa un balan\u00e7 positiu del seu primer any de funcionament. Des del gener de 2016 s\u2019han ofert un total &hellip; <a href=\"https:\/\/bisbalpenedes.com\/web\/2017\/03\/31\/som-bisbal-fa-un-balanc-positiu-del-seu-primer-any-de-funcionament\/\" class=\"more-link\">Read More<\/a><\/p>\n","protected":false},"author":4,"featured_media":1415,"comment_status":"closed","ping_status":"closed","sticky":false,"template":"","format":"standard","meta":[],"categories":[8,9],"tags":[262,41,10,271],"_links":{"self":[{"href":"https:\/\/bisbalpenedes.com\/web\/wp-json\/wp\/v2\/posts\/2181"}],"collection":[{"href":"https:\/\/bisbalpenedes.com\/web\/wp-json\/wp\/v2\/posts"}],"about":[{"href":"https:\/\/bisbalpenedes.com\/web\/wp-json\/wp\/v2\/types\/post"}],"author":[{"embeddable":true,"href":"https:\/\/bisbalpenedes.com\/web\/wp-json\/wp\/v2\/users\/4"}],"replies":[{"embeddable":true,"href":"https:\/\/bisbalpenedes.com\/web\/wp-json\/wp\/v2\/comments?post=2181"}],"version-history":[{"count":2,"href":"https:\/\/bisbalpenedes.com\/web\/wp-json\/wp\/v2\/posts\/2181\/revisions"}],"predecessor-version":[{"id":2183,"href":"https:\/\/bisbalpenedes.com\/web\/wp-json\/wp\/v2\/posts\/2181\/revisions\/2183"}],"wp:featuredmedia":[{"embeddable":true,"href":"https:\/\/bisbalpenedes.com\/web\/wp-json\/wp\/v2\/media\/1415"}],"wp:attachment":[{"href":"https:\/\/bisbalpenedes.com\/web\/wp-json\/wp\/v2\/media?parent=2181"}],"wp:term":[{"taxonomy":"category","embeddable":true,"href":"https:\/\/bisbalpenedes.com\/web\/wp-json\/wp\/v2\/categories?post=2181"},{"taxonomy":"post_tag","embeddable":true,"href":"https:\/\/bisbalpenedes.com\/web\/wp-json\/wp\/v2\/tags?post=2181"}],"curies":[{"name":"wp","href":"https:\/\/api.w.org\/{rel}","templated":true}]}}