{"id":21805,"date":"2022-05-18T11:04:47","date_gmt":"2022-05-18T09:04:47","guid":{"rendered":"https:\/\/bisbalpenedes.com\/web\/?p=21805"},"modified":"2022-06-28T13:24:19","modified_gmt":"2022-06-28T11:24:19","slug":"ja-ha-comencat-el-termini-dinscripcions-del-casal-destiu-2022-la-reunio-informativa-es-fara-el-13-de-juny-a-les-19-30h","status":"publish","type":"post","link":"https:\/\/bisbalpenedes.com\/web\/2022\/05\/18\/ja-ha-comencat-el-termini-dinscripcions-del-casal-destiu-2022-la-reunio-informativa-es-fara-el-13-de-juny-a-les-19-30h\/","title":{"rendered":"Ja ha comen\u00e7at el termini d&#8217;inscripcions del Casal d&#8217;Estiu 2022 &#8211; La reuni\u00f3 informativa es far\u00e0 el 13 de juny a les 19.30h"},"content":{"rendered":"\n<p>S&#8217;obren les inscripcions per al Casal d&#8217;Estiu! <br>S&#8217;ofereix entrada esglaonada de les 8h a les 9h<br>Possibilitat de dinar amb carmanyola de 13.30h a 15.30h<br>El dilluns 13 de juny a les 19:30h tindr\u00e0 lloc una reuni\u00f3 informativa al CMC. Us adjuntem el cartell amb tota la informaci\u00f3<\/p>\n\n\n\n<p>Passarel\u00b7la de pagament: <a href=\"https:\/\/bisbalpenedes.com\/web\/botiga\/\" target=\"_blank\" rel=\"noreferrer noopener\">https:\/\/bisbalpenedes.com\/web\/botiga\/<\/a><\/p>\n\n\n\n<hr class=\"wp-block-separator has-css-opacity\"\/>\n\n\n\n<p>\u00a1Se abren las inscripciones para el Casal d&#8217;Estiu!<br>Se ofrece entrada escalonada de las 8h a las 9h.<br>Posibilidad de comer con fiambrera de 13.30h a 15.30h.<br>El lunes 13 de junio a las 19:30h tendr\u00e1 lugar una reuni\u00f3n informativa en el CMC.Os adjuntamos el cartel con toda la informaci\u00f3n.<\/p>\n\n\n\n<p>Pasarela de pago: <a href=\"https:\/\/bisbalpenedes.com\/web\/botiga\/\">https:\/\/bisbalpenedes.com\/web\/botiga\/<\/a><\/p>\n","protected":false},"excerpt":{"rendered":"<p>S&#8217;obren les inscripcions per al Casal d&#8217;Estiu! S&#8217;ofereix entrada esglaonada de les 8h a les 9hPossibilitat de dinar amb carmanyola de 13.30h a 15.30hEl dilluns 13 de juny a les &hellip; <a href=\"https:\/\/bisbalpenedes.com\/web\/2022\/05\/18\/ja-ha-comencat-el-termini-dinscripcions-del-casal-destiu-2022-la-reunio-informativa-es-fara-el-13-de-juny-a-les-19-30h\/\" class=\"more-link\">Read More<\/a><\/p>\n","protected":false},"author":4,"featured_media":21806,"comment_status":"closed","ping_status":"closed","sticky":false,"template":"","format":"standard","meta":[],"categories":[398,8],"tags":[244,5250,245,393,4767],"_links":{"self":[{"href":"https:\/\/bisbalpenedes.com\/web\/wp-json\/wp\/v2\/posts\/21805"}],"collection":[{"href":"https:\/\/bisbalpenedes.com\/web\/wp-json\/wp\/v2\/posts"}],"about":[{"href":"https:\/\/bisbalpenedes.com\/web\/wp-json\/wp\/v2\/types\/post"}],"author":[{"embeddable":true,"href":"https:\/\/bisbalpenedes.com\/web\/wp-json\/wp\/v2\/users\/4"}],"replies":[{"embeddable":true,"href":"https:\/\/bisbalpenedes.com\/web\/wp-json\/wp\/v2\/comments?post=21805"}],"version-history":[{"count":2,"href":"https:\/\/bisbalpenedes.com\/web\/wp-json\/wp\/v2\/posts\/21805\/revisions"}],"predecessor-version":[{"id":22412,"href":"https:\/\/bisbalpenedes.com\/web\/wp-json\/wp\/v2\/posts\/21805\/revisions\/22412"}],"wp:featuredmedia":[{"embeddable":true,"href":"https:\/\/bisbalpenedes.com\/web\/wp-json\/wp\/v2\/media\/21806"}],"wp:attachment":[{"href":"https:\/\/bisbalpenedes.com\/web\/wp-json\/wp\/v2\/media?parent=21805"}],"wp:term":[{"taxonomy":"category","embeddable":true,"href":"https:\/\/bisbalpenedes.com\/web\/wp-json\/wp\/v2\/categories?post=21805"},{"taxonomy":"post_tag","embeddable":true,"href":"https:\/\/bisbalpenedes.com\/web\/wp-json\/wp\/v2\/tags?post=21805"}],"curies":[{"name":"wp","href":"https:\/\/api.w.org\/{rel}","templated":true}]}}