{"id":21794,"date":"2022-05-17T13:29:44","date_gmt":"2022-05-17T11:29:44","guid":{"rendered":"https:\/\/bisbalpenedes.com\/web\/?p=21794"},"modified":"2022-05-17T13:29:44","modified_gmt":"2022-05-17T11:29:44","slug":"avui-17-de-maig-es-el-dia-mundial-del-reciclatge","status":"publish","type":"post","link":"https:\/\/bisbalpenedes.com\/web\/2022\/05\/17\/avui-17-de-maig-es-el-dia-mundial-del-reciclatge\/","title":{"rendered":"Avui 17 de maig \u00e9s el Dia Mundial del Reciclatge"},"content":{"rendered":"\n<p>Avui 17 de maig \u00e9s el Dia Mundial del Reciclatge.&nbsp;<\/p>\n\n\n\n<p>L&#8217;objectiu de la jornada \u00e9s prendre consci\u00e8ncia sobre la import\u00e0ncia de separar els residus per al medi ambient.<\/p>\n\n\n\n<p>Aprofitem aquesta jornada per recordar-vos els diferents serveis de recollida de residus de la Bisbal i com separar b\u00e9 els residus.&nbsp;<\/p>\n\n\n\n<hr class=\"wp-block-separator\"\/>\n\n\n\n<p>Hoy 17 de mayo es el D\u00eda Mundial del Reciclaje.<\/p>\n\n\n\n<p>El objetivo de la jornada es tomar conciencia sobre la importancia de separar los residuos para el medio ambiente.<\/p>\n\n\n\n<p>Aprovechamos esta jornada para recordaros los distintos servicios de recogida de residuos de la Bisbal y c\u00f3mo separar bien los residuos.<\/p>\n","protected":false},"excerpt":{"rendered":"<p>Avui 17 de maig \u00e9s el Dia Mundial del Reciclatge.&nbsp; L&#8217;objectiu de la jornada \u00e9s prendre consci\u00e8ncia sobre la import\u00e0ncia de separar els residus per al medi ambient. Aprofitem aquesta &hellip; <a href=\"https:\/\/bisbalpenedes.com\/web\/2022\/05\/17\/avui-17-de-maig-es-el-dia-mundial-del-reciclatge\/\" class=\"more-link\">Read More<\/a><\/p>\n","protected":false},"author":4,"featured_media":21795,"comment_status":"closed","ping_status":"closed","sticky":false,"template":"","format":"standard","meta":[],"categories":[3215,8],"tags":[459,5245,1479,393,2629,627,1182,628,1183],"_links":{"self":[{"href":"https:\/\/bisbalpenedes.com\/web\/wp-json\/wp\/v2\/posts\/21794"}],"collection":[{"href":"https:\/\/bisbalpenedes.com\/web\/wp-json\/wp\/v2\/posts"}],"about":[{"href":"https:\/\/bisbalpenedes.com\/web\/wp-json\/wp\/v2\/types\/post"}],"author":[{"embeddable":true,"href":"https:\/\/bisbalpenedes.com\/web\/wp-json\/wp\/v2\/users\/4"}],"replies":[{"embeddable":true,"href":"https:\/\/bisbalpenedes.com\/web\/wp-json\/wp\/v2\/comments?post=21794"}],"version-history":[{"count":1,"href":"https:\/\/bisbalpenedes.com\/web\/wp-json\/wp\/v2\/posts\/21794\/revisions"}],"predecessor-version":[{"id":21796,"href":"https:\/\/bisbalpenedes.com\/web\/wp-json\/wp\/v2\/posts\/21794\/revisions\/21796"}],"wp:featuredmedia":[{"embeddable":true,"href":"https:\/\/bisbalpenedes.com\/web\/wp-json\/wp\/v2\/media\/21795"}],"wp:attachment":[{"href":"https:\/\/bisbalpenedes.com\/web\/wp-json\/wp\/v2\/media?parent=21794"}],"wp:term":[{"taxonomy":"category","embeddable":true,"href":"https:\/\/bisbalpenedes.com\/web\/wp-json\/wp\/v2\/categories?post=21794"},{"taxonomy":"post_tag","embeddable":true,"href":"https:\/\/bisbalpenedes.com\/web\/wp-json\/wp\/v2\/tags?post=21794"}],"curies":[{"name":"wp","href":"https:\/\/api.w.org\/{rel}","templated":true}]}}