{"id":21790,"date":"2022-05-17T16:48:01","date_gmt":"2022-05-17T14:48:01","guid":{"rendered":"https:\/\/bisbalpenedes.com\/web\/?p=21790"},"modified":"2022-05-17T16:48:01","modified_gmt":"2022-05-17T14:48:01","slug":"lajuntament-millorara-la-senyalitzacio-del-poligon-les-planes","status":"publish","type":"post","link":"https:\/\/bisbalpenedes.com\/web\/2022\/05\/17\/lajuntament-millorara-la-senyalitzacio-del-poligon-les-planes\/","title":{"rendered":"L&#8217;Ajuntament millorar\u00e0 la senyalitzaci\u00f3 del Pol\u00edgon les Planes"},"content":{"rendered":"\n<p>L&#8217;Ajuntament de la Bisbal del Pened\u00e8s ha aprovat un contracte menor de senyalitzaci\u00f3 horitzontal per al Pol\u00edgon Les Planes per un import de 12.522,85\u20ac (IVA incl\u00f2s) amb Pintura Decorativa V\u00edctor Badia.<\/p>\n\n\n\n<p>L&#8217;octubre de 2022 es va aprovar el projecte de reparcel\u00b7laci\u00f3 del pol\u00edgon industrial Les Planes. Des que va entrar en funcionament, s&#8217;hi han instal\u00b7lat diferents empreses productores, log\u00edstiques i de serveis. Actualment, hi ha sis empreses instal\u00b7lades que ocupen m\u00e9s del 60% de les finques industrials. Tenint en compte que la senyalitzaci\u00f3 horitzontal i vertical del pol\u00edgon Les Planes \u00e9s la mateixa des que es va obrir el pol\u00edgon fa vint anys, l&#8217;Ajuntament ha decidit refor\u00e7ar-la per garantir el bon tr\u00e0nsit i la seguretat, atenent l&#8217;elevat tr\u00e0nsit de vehicles -tant turismes com camions- i les sol\u00b7licituds de les empreses de regularitzar la circulaci\u00f3 al pol\u00edgon.<\/p>\n\n\n\n<figure class=\"wp-block-image size-large\"><img loading=\"lazy\" width=\"944\" height=\"1024\" src=\"https:\/\/bisbalpenedes.com\/web\/wp-content\/uploads\/2022\/05\/APARCAMENTS-POLI\u0301GON-SENYALITZACIO-944x1024.png\" alt=\"\" class=\"wp-image-21791\" srcset=\"https:\/\/bisbalpenedes.com\/web\/wp-content\/uploads\/2022\/05\/APARCAMENTS-POLI\u0301GON-SENYALITZACIO-944x1024.png 944w, https:\/\/bisbalpenedes.com\/web\/wp-content\/uploads\/2022\/05\/APARCAMENTS-POLI\u0301GON-SENYALITZACIO-600x651.png 600w, https:\/\/bisbalpenedes.com\/web\/wp-content\/uploads\/2022\/05\/APARCAMENTS-POLI\u0301GON-SENYALITZACIO-277x300.png 277w, https:\/\/bisbalpenedes.com\/web\/wp-content\/uploads\/2022\/05\/APARCAMENTS-POLI\u0301GON-SENYALITZACIO-768x833.png 768w, https:\/\/bisbalpenedes.com\/web\/wp-content\/uploads\/2022\/05\/APARCAMENTS-POLI\u0301GON-SENYALITZACIO-1416x1536.png 1416w, https:\/\/bisbalpenedes.com\/web\/wp-content\/uploads\/2022\/05\/APARCAMENTS-POLI\u0301GON-SENYALITZACIO.png 1418w\" sizes=\"(max-width: 944px) 100vw, 944px\" \/><\/figure>\n\n\n\n<hr class=\"wp-block-separator\"\/>\n\n\n\n<p>El Ayuntamiento de la Bisbal del Pened\u00e8s ha aprobado un contrato menor de se\u00f1alizaci\u00f3n horizontal para el Pol\u00edgono Les Planes por un importe de 12.522,85\u20ac (IVA incluido) con Pintura Decorativa V\u00edctor Badia.<\/p>\n\n\n\n<p>En octubre de 2022 se aprob\u00f3 el proyecto de reparcelaci\u00f3n del pol\u00edgono industrial Les Planes. Desde que entr\u00f3 en funcionamiento, se han instalado distintas empresas productoras, log\u00edsticas y de servicios. Actualmente, hay seis empresas instaladas que ocupan m\u00e1s del 60% de las fincas industriales. Teniendo en cuenta que la se\u00f1alizaci\u00f3n horizontal y vertical del pol\u00edgono Les Planes es la misma desde que se abri\u00f3 el pol\u00edgono hace veinte a\u00f1os, el Ayuntamiento ha decidido reforzarla para garantizar el buen tr\u00e1fico y la seguridad atendiendo el elevado tr\u00e1fico de veh\u00edculos -tanto turismos como camiones- y las solicitudes de las empresas para regularizar la circulaci\u00f3n en el pol\u00edgono.<\/p>\n","protected":false},"excerpt":{"rendered":"<p>L&#8217;Ajuntament de la Bisbal del Pened\u00e8s ha aprovat un contracte menor de senyalitzaci\u00f3 horitzontal per al Pol\u00edgon Les Planes per un import de 12.522,85\u20ac (IVA incl\u00f2s) amb Pintura Decorativa V\u00edctor &hellip; <a href=\"https:\/\/bisbalpenedes.com\/web\/2022\/05\/17\/lajuntament-millorara-la-senyalitzacio-del-poligon-les-planes\/\" class=\"more-link\">Read More<\/a><\/p>\n","protected":false},"author":4,"featured_media":3936,"comment_status":"closed","ping_status":"closed","sticky":false,"template":"","format":"standard","meta":[],"categories":[3482,8],"tags":[459,393,443,446,1369],"_links":{"self":[{"href":"https:\/\/bisbalpenedes.com\/web\/wp-json\/wp\/v2\/posts\/21790"}],"collection":[{"href":"https:\/\/bisbalpenedes.com\/web\/wp-json\/wp\/v2\/posts"}],"about":[{"href":"https:\/\/bisbalpenedes.com\/web\/wp-json\/wp\/v2\/types\/post"}],"author":[{"embeddable":true,"href":"https:\/\/bisbalpenedes.com\/web\/wp-json\/wp\/v2\/users\/4"}],"replies":[{"embeddable":true,"href":"https:\/\/bisbalpenedes.com\/web\/wp-json\/wp\/v2\/comments?post=21790"}],"version-history":[{"count":1,"href":"https:\/\/bisbalpenedes.com\/web\/wp-json\/wp\/v2\/posts\/21790\/revisions"}],"predecessor-version":[{"id":21792,"href":"https:\/\/bisbalpenedes.com\/web\/wp-json\/wp\/v2\/posts\/21790\/revisions\/21792"}],"wp:featuredmedia":[{"embeddable":true,"href":"https:\/\/bisbalpenedes.com\/web\/wp-json\/wp\/v2\/media\/3936"}],"wp:attachment":[{"href":"https:\/\/bisbalpenedes.com\/web\/wp-json\/wp\/v2\/media?parent=21790"}],"wp:term":[{"taxonomy":"category","embeddable":true,"href":"https:\/\/bisbalpenedes.com\/web\/wp-json\/wp\/v2\/categories?post=21790"},{"taxonomy":"post_tag","embeddable":true,"href":"https:\/\/bisbalpenedes.com\/web\/wp-json\/wp\/v2\/tags?post=21790"}],"curies":[{"name":"wp","href":"https:\/\/api.w.org\/{rel}","templated":true}]}}