{"id":21780,"date":"2022-05-16T17:05:01","date_gmt":"2022-05-16T15:05:01","guid":{"rendered":"https:\/\/bisbalpenedes.com\/web\/?p=21780"},"modified":"2022-05-16T17:05:01","modified_gmt":"2022-05-16T15:05:01","slug":"el-dissabte-28-de-maig-el-cmc-acollira-la-presentacio-vermut-del-llibre-tots-els-colors-del-negre-de-jordi-borras","status":"publish","type":"post","link":"https:\/\/bisbalpenedes.com\/web\/2022\/05\/16\/el-dissabte-28-de-maig-el-cmc-acollira-la-presentacio-vermut-del-llibre-tots-els-colors-del-negre-de-jordi-borras\/","title":{"rendered":"El dissabte 28 de maig el CMC acollir\u00e0 la presentaci\u00f3-vermut del llibre &#8220;Tots els colors del negre&#8221; de Jordi Borr\u00e0s"},"content":{"rendered":"\n<p>El dissabte 28 de maig, a les 12:30h, la sala gran del CMC acollir\u00e0 la presentaci\u00f3 del llibre de Jordi Borr\u00e0s &#8220;Tots els colors del negre&#8221;. La presentaci\u00f3 anir\u00e0 acompanyada d&#8217;un vermut.<\/p>\n\n\n\n<hr class=\"wp-block-separator\"\/>\n\n\n\n<p>El s\u00e1bado 28 de mayo, a las 12:30h, la sala grande del CMC acoger\u00e1 la presentaci\u00f3n del libro de Jordi Borr\u00e0s &#8220;Tots els colors del negre&#8221;. La presentaci\u00f3n ir\u00e1 acompa\u00f1ada de un vermut.<\/p>\n","protected":false},"excerpt":{"rendered":"<p>El dissabte 28 de maig, a les 12:30h, la sala gran del CMC acollir\u00e0 la presentaci\u00f3 del llibre de Jordi Borr\u00e0s &#8220;Tots els colors del negre&#8221;. La presentaci\u00f3 anir\u00e0 acompanyada &hellip; <a href=\"https:\/\/bisbalpenedes.com\/web\/2022\/05\/16\/el-dissabte-28-de-maig-el-cmc-acollira-la-presentacio-vermut-del-llibre-tots-els-colors-del-negre-de-jordi-borras\/\" class=\"more-link\">Read More<\/a><\/p>\n","protected":false},"author":4,"featured_media":21774,"comment_status":"closed","ping_status":"closed","sticky":false,"template":"","format":"standard","meta":[],"categories":[2942,13,8],"tags":[5242,393,47,5243],"_links":{"self":[{"href":"https:\/\/bisbalpenedes.com\/web\/wp-json\/wp\/v2\/posts\/21780"}],"collection":[{"href":"https:\/\/bisbalpenedes.com\/web\/wp-json\/wp\/v2\/posts"}],"about":[{"href":"https:\/\/bisbalpenedes.com\/web\/wp-json\/wp\/v2\/types\/post"}],"author":[{"embeddable":true,"href":"https:\/\/bisbalpenedes.com\/web\/wp-json\/wp\/v2\/users\/4"}],"replies":[{"embeddable":true,"href":"https:\/\/bisbalpenedes.com\/web\/wp-json\/wp\/v2\/comments?post=21780"}],"version-history":[{"count":1,"href":"https:\/\/bisbalpenedes.com\/web\/wp-json\/wp\/v2\/posts\/21780\/revisions"}],"predecessor-version":[{"id":21781,"href":"https:\/\/bisbalpenedes.com\/web\/wp-json\/wp\/v2\/posts\/21780\/revisions\/21781"}],"wp:featuredmedia":[{"embeddable":true,"href":"https:\/\/bisbalpenedes.com\/web\/wp-json\/wp\/v2\/media\/21774"}],"wp:attachment":[{"href":"https:\/\/bisbalpenedes.com\/web\/wp-json\/wp\/v2\/media?parent=21780"}],"wp:term":[{"taxonomy":"category","embeddable":true,"href":"https:\/\/bisbalpenedes.com\/web\/wp-json\/wp\/v2\/categories?post=21780"},{"taxonomy":"post_tag","embeddable":true,"href":"https:\/\/bisbalpenedes.com\/web\/wp-json\/wp\/v2\/tags?post=21780"}],"curies":[{"name":"wp","href":"https:\/\/api.w.org\/{rel}","templated":true}]}}