{"id":21765,"date":"2022-05-16T16:16:30","date_gmt":"2022-05-16T14:16:30","guid":{"rendered":"https:\/\/bisbalpenedes.com\/web\/?p=21765"},"modified":"2022-05-16T16:36:52","modified_gmt":"2022-05-16T14:36:52","slug":"el-dissabte-28-de-maig-a-les-19h-el-cmc-acollira-la-projeccio-de-la-pellicula-libertad-del-cicle-gaudi","status":"publish","type":"post","link":"https:\/\/bisbalpenedes.com\/web\/2022\/05\/16\/el-dissabte-28-de-maig-a-les-19h-el-cmc-acollira-la-projeccio-de-la-pellicula-libertad-del-cicle-gaudi\/","title":{"rendered":"El diumenge 29 de maig a les 19h el CMC acollir\u00e0 la projecci\u00f3 de la pel\u00b7l\u00edcula &#8220;Libertad&#8221; del Cicle Gaud\u00ed"},"content":{"rendered":"\n<p>Aquest mes de maig projectarem la pel\u00b7l\u00edcula &#8220;Libertad&#8221; del Cicle Gaud\u00ed. Com \u00e9s habitual, la sessi\u00f3 de cinema es far\u00e0 a l&#8217;Auditori Salb\u00e0 del CMC. La projecci\u00f3 tindr\u00e0 lloc el diumenge de maig, a les 19h, i les entrades tindran un cost de 4,5\u20ac la general i 3\u20ac per als espectadors que presentin el carnet de la Biblioteca P\u00fablica de la Bisbal del Pened\u00e8s a l&#8217;acc\u00e9s.<\/p>\n\n\n\n<p>La recaptaci\u00f3 de les entrades de cada mes va a parar a l&#8217;entitat que gestiona la venda d&#8217;entrades, que es decideix per sorteig entre les entitats del municipi que hi volen participar. En aquest cas, la venda d&#8217;entrades anir\u00e0 a c\u00e0rrec de l&#8217;Associaci\u00f3 de Dones la Roca Foradada.<\/p>\n\n\n\n<p><strong>LIBERTAD<\/strong><\/p>\n\n\n\n<p>Direcci\u00f3: Clara Roquet<\/p>\n\n\n\n<p>Gui\u00f3: Clara Roquet<\/p>\n\n\n\n<p>Direcci\u00f3 de fotografia: Gris Jordana<\/p>\n\n\n\n<p>\u00a0Estrena:\u00a0Novembre 2021<\/p>\n\n\n\n<p>&nbsp;Durada:&nbsp;90 min.<\/p>\n\n\n\n<p>&nbsp;G\u00e8nere:&nbsp;Drama<\/p>\n\n\n\n<p>&nbsp;Versi\u00f3:&nbsp;Original en castell\u00e0<\/p>\n\n\n\n<p>&nbsp;Int\u00e8rprets: Maria Morera , Nora Navas , Carol Hurtado , Clara Nicolle Garcia<\/p>\n\n\n\n<p><strong>SINOPSI<\/strong><\/p>\n\n\n\n<p>La Fam\u00edlia Vidal passa a la seva casa de la Costa Brava les \u00faltimes vacances d\u2019estiu amb l\u2019\u00e0via \u00c1ngela, que pateix Alzheimer.<\/p>\n\n\n\n<p>La Nora, de 14 anys, sent que no troba el seu lloc entre els jocs de nens que li semblen infantils i les converses dels adults que encara s\u00f3n massa per a ella. Aquesta situaci\u00f3 canviar\u00e0 per complet amb l\u2019arribada de Llibertat, de 15 anys i filla de Rosana, la cuidadora de l\u2019 \u00c1ngela. La Llibertat portar\u00e0 a la Nora a viure un estiu totalment diferent. Les dues noies r\u00e0pidament forgen una amistat d\u2019all\u00f2 m\u00e9s intensa. Juntes surten de la bombolla de protecci\u00f3 de la casa familiar i descobreixen un m\u00f3n nou en el qual la Nora se sent m\u00e9s lliure que mai.<\/p>\n\n\n\n<figure class=\"wp-block-embed is-type-video is-provider-youtube wp-block-embed-youtube wp-embed-aspect-16-9 wp-has-aspect-ratio\"><div class=\"wp-block-embed__wrapper\">\n<iframe loading=\"lazy\" title=\"Cicle Gaud\u00ed: &quot;Libertad&quot;\" width=\"1170\" height=\"658\" src=\"https:\/\/www.youtube.com\/embed\/c2lGs56sMng?feature=oembed\" frameborder=\"0\" allow=\"accelerometer; autoplay; clipboard-write; encrypted-media; gyroscope; picture-in-picture\" allowfullscreen><\/iframe>\n<\/div><\/figure>\n\n\n\n<hr class=\"wp-block-separator\"\/>\n\n\n\n<p><strong>CASTELLANO | <\/strong>Este mes de mayo proyectaremos la pel\u00edcula &#8220;Libertad&#8221; del Cicle Gaud\u00ed. Como es habitual, la sesi\u00f3n de cine se har\u00e1 en el Auditori Salb\u00e0 del CMC. La proyecci\u00f3n tendr\u00e1 lugar el domingo 29 de mayo, a las 19h, y las entradas tendr\u00e1n un coste de 4,5\u20ac la general y 3\u20ac para los espectadores que presenten el carn\u00e9 de la Biblioteca P\u00fablica de la Bisbal del Pened\u00e8s en el acceso.<\/p>\n\n\n\n<p>La recaudaci\u00f3n de las entradas de cada mes va a parar a la entidad que gestiona la venta de entradas, que se decide por sorteo entre las entidades del municipio que quieren participar. En este caso, la venta de entradas ir\u00e1 a cargo de la Associaci\u00f3 de Dones La Roca Foradada.<\/p>\n\n\n\n<p><strong>LIBERTAD<\/strong><\/p>\n\n\n\n<p>Direcci\u00f3n: Clara Roquet<\/p>\n\n\n\n<p>Gui\u00f3n: Clara Roquet<\/p>\n\n\n\n<p>Direcci\u00f3n de fotograf\u00eda: Gris Jordana<\/p>\n\n\n\n<p>Estreno: Noviembre 2021<\/p>\n\n\n\n<p>Duraci\u00f3n: 90 min.<\/p>\n\n\n\n<p>G\u00e9nero: Drama<\/p>\n\n\n\n<p>Versi\u00f3n: Original en castellano<\/p>\n\n\n\n<p>Int\u00e9rpretes: Maria Morera, Nora Navas, Carol Hurtado, Clara Nicolle Garcia<\/p>\n\n\n\n<p><strong>SINOPSIS<\/strong><\/p>\n\n\n\n<p>La Familia Vidal pasa en su casa de la Costa Brava las \u00faltimas de vacaciones de verano con la abuela \u00c1ngela, que sufre Alzheimer.<\/p>\n\n\n\n<p>Nora, de 14 a\u00f1os, siente que no encuentra su sitio entre los juegos de ni\u00f1os que le parece infantiles y las conversaciones de los adultos que todav\u00eda son demasiado para ella. Esta situaci\u00f3n cambiar\u00e1 por completo con la llegada de Libertad, de 15 a\u00f1os e hija de Rosana, la cuidadora de \u00c1ngela. Libertad llevar\u00e1 a Nora a vivir un verano totalmente distinto. Ambas chicas r\u00e1pidamente forjan una amistad de lo m\u00e1s intensa. Juntas salen de la burbuja de protecci\u00f3n de la casa familiar y descubren un mundo nuevo en el que Nora se siente m\u00e1s libre que nunca.<\/p>\n","protected":false},"excerpt":{"rendered":"<p>Aquest mes de maig projectarem la pel\u00b7l\u00edcula &#8220;Libertad&#8221; del Cicle Gaud\u00ed. Com \u00e9s habitual, la sessi\u00f3 de cinema es far\u00e0 a l&#8217;Auditori Salb\u00e0 del CMC. La projecci\u00f3 tindr\u00e0 lloc el &hellip; <a href=\"https:\/\/bisbalpenedes.com\/web\/2022\/05\/16\/el-dissabte-28-de-maig-a-les-19h-el-cmc-acollira-la-projeccio-de-la-pellicula-libertad-del-cicle-gaudi\/\" class=\"more-link\">Read More<\/a><\/p>\n","protected":false},"author":4,"featured_media":21770,"comment_status":"closed","ping_status":"closed","sticky":false,"template":"","format":"standard","meta":[],"categories":[2942,8],"tags":[1624,755,308,307,225,393,5241],"_links":{"self":[{"href":"https:\/\/bisbalpenedes.com\/web\/wp-json\/wp\/v2\/posts\/21765"}],"collection":[{"href":"https:\/\/bisbalpenedes.com\/web\/wp-json\/wp\/v2\/posts"}],"about":[{"href":"https:\/\/bisbalpenedes.com\/web\/wp-json\/wp\/v2\/types\/post"}],"author":[{"embeddable":true,"href":"https:\/\/bisbalpenedes.com\/web\/wp-json\/wp\/v2\/users\/4"}],"replies":[{"embeddable":true,"href":"https:\/\/bisbalpenedes.com\/web\/wp-json\/wp\/v2\/comments?post=21765"}],"version-history":[{"count":3,"href":"https:\/\/bisbalpenedes.com\/web\/wp-json\/wp\/v2\/posts\/21765\/revisions"}],"predecessor-version":[{"id":21769,"href":"https:\/\/bisbalpenedes.com\/web\/wp-json\/wp\/v2\/posts\/21765\/revisions\/21769"}],"wp:featuredmedia":[{"embeddable":true,"href":"https:\/\/bisbalpenedes.com\/web\/wp-json\/wp\/v2\/media\/21770"}],"wp:attachment":[{"href":"https:\/\/bisbalpenedes.com\/web\/wp-json\/wp\/v2\/media?parent=21765"}],"wp:term":[{"taxonomy":"category","embeddable":true,"href":"https:\/\/bisbalpenedes.com\/web\/wp-json\/wp\/v2\/categories?post=21765"},{"taxonomy":"post_tag","embeddable":true,"href":"https:\/\/bisbalpenedes.com\/web\/wp-json\/wp\/v2\/tags?post=21765"}],"curies":[{"name":"wp","href":"https:\/\/api.w.org\/{rel}","templated":true}]}}