{"id":2176,"date":"2017-03-27T14:50:37","date_gmt":"2017-03-27T08:50:37","guid":{"rendered":"http:\/\/bisbalpenedes.com\/web\/?p=2176"},"modified":"2017-03-27T14:50:37","modified_gmt":"2017-03-27T08:50:37","slug":"fins-al-20-dabril-es-poden-demanar-les-beques-pel-casal-destiu-2017","status":"publish","type":"post","link":"https:\/\/bisbalpenedes.com\/web\/2017\/03\/27\/fins-al-20-dabril-es-poden-demanar-les-beques-pel-casal-destiu-2017\/","title":{"rendered":"Fins al 20 d&#8217;abril es poden demanar les beques pel Casal d&#8217;Estiu 2017"},"content":{"rendered":"<p>La Regidoria de Benestar Social informa que del 23 de mar\u00e7 al 20 d\u2019abril de 2017 es poden demanar les beques pel Casal d\u2019Estiu 2017 amb \u2018La Ballaruga\u2019.<\/p>\n<p>Per sol\u00b7licitar la beca cal que els demandants es dirigeixin als serveis socials municipals a trav\u00e9s de les oficines municipals i presentar la documentaci\u00f3 que tot seguit es detalla:<\/p>\n<p style=\"padding-left: 30px;\">\u00b7Certificats oficials d\u2019atur (rebre prestaci\u00f3 o no rebre prestaci\u00f3)<\/p>\n<p style=\"padding-left: 30px;\">\u00b7Altres ajudes o prestacions socials<\/p>\n<p style=\"padding-left: 30px;\">\u00b7Subsidis possibles quan s\u2019esgota la prestaci\u00f3 d\u2019atur<\/p>\n<p style=\"padding-left: 30px;\">\u00b7PIRMI<\/p>\n<p style=\"padding-left: 30px;\">\u00b7Certificat de reconeixement de discapacitat de l\u2019infant o jove<\/p>\n<p style=\"padding-left: 30px;\">\u00b7Carnet de fam\u00edlia nombrosa<\/p>\n<p style=\"padding-left: 30px;\">\u00b7Carnet de fam\u00edlia monoparental<\/p>\n<p style=\"padding-left: 30px;\">\u00b7Informe social<\/p>\n<p>L\u2019import m\u00e0xim que s\u2019atorgar\u00e0 ser\u00e0 el 80% del preu del casal. S\u2019estudiar\u00e0 un per un cada cas.<\/p>\n<p>Enguany el Casal d\u2019Estiu es tornar\u00e0 a fer amb La Ballaruga. Podeu trobar m\u00e9s informaci\u00f3 a l\u2019enlla\u00e7: <a href=\"http:\/\/bisbalpenedes.com\/web\/2017\/03\/18\/la-bisbal-tornara-a-fer-el-casal-destiu-amb-la-ballaruga\/\">http:\/\/bisbalpenedes.com\/web\/2017\/03\/18\/la-bisbal-tornara-a-fer-el-casal-destiu-amb-la-ballaruga\/<\/a><\/p>\n<p>&nbsp;<\/p>\n","protected":false},"excerpt":{"rendered":"<p>La Regidoria de Benestar Social informa que del 23 de mar\u00e7 al 20 d\u2019abril de 2017 es poden demanar les beques pel Casal d\u2019Estiu 2017 amb \u2018La Ballaruga\u2019. Per sol\u00b7licitar &hellip; <a href=\"https:\/\/bisbalpenedes.com\/web\/2017\/03\/27\/fins-al-20-dabril-es-poden-demanar-les-beques-pel-casal-destiu-2017\/\" class=\"more-link\">Read More<\/a><\/p>\n","protected":false},"author":4,"featured_media":2177,"comment_status":"closed","ping_status":"closed","sticky":false,"template":"","format":"standard","meta":[],"categories":[17],"tags":[270,244,245],"_links":{"self":[{"href":"https:\/\/bisbalpenedes.com\/web\/wp-json\/wp\/v2\/posts\/2176"}],"collection":[{"href":"https:\/\/bisbalpenedes.com\/web\/wp-json\/wp\/v2\/posts"}],"about":[{"href":"https:\/\/bisbalpenedes.com\/web\/wp-json\/wp\/v2\/types\/post"}],"author":[{"embeddable":true,"href":"https:\/\/bisbalpenedes.com\/web\/wp-json\/wp\/v2\/users\/4"}],"replies":[{"embeddable":true,"href":"https:\/\/bisbalpenedes.com\/web\/wp-json\/wp\/v2\/comments?post=2176"}],"version-history":[{"count":2,"href":"https:\/\/bisbalpenedes.com\/web\/wp-json\/wp\/v2\/posts\/2176\/revisions"}],"predecessor-version":[{"id":2179,"href":"https:\/\/bisbalpenedes.com\/web\/wp-json\/wp\/v2\/posts\/2176\/revisions\/2179"}],"wp:featuredmedia":[{"embeddable":true,"href":"https:\/\/bisbalpenedes.com\/web\/wp-json\/wp\/v2\/media\/2177"}],"wp:attachment":[{"href":"https:\/\/bisbalpenedes.com\/web\/wp-json\/wp\/v2\/media?parent=2176"}],"wp:term":[{"taxonomy":"category","embeddable":true,"href":"https:\/\/bisbalpenedes.com\/web\/wp-json\/wp\/v2\/categories?post=2176"},{"taxonomy":"post_tag","embeddable":true,"href":"https:\/\/bisbalpenedes.com\/web\/wp-json\/wp\/v2\/tags?post=2176"}],"curies":[{"name":"wp","href":"https:\/\/api.w.org\/{rel}","templated":true}]}}