{"id":21759,"date":"2022-05-16T17:31:40","date_gmt":"2022-05-16T15:31:40","guid":{"rendered":"https:\/\/bisbalpenedes.com\/web\/?p=21759"},"modified":"2022-05-16T17:32:15","modified_gmt":"2022-05-16T15:32:15","slug":"la-bisbal-del-penedes-engega-una-campanya-de-conscienciacio-per-evitar-que-la-ciutadania-alimenti-els-coloms-2","status":"publish","type":"post","link":"https:\/\/bisbalpenedes.com\/web\/2022\/05\/16\/la-bisbal-del-penedes-engega-una-campanya-de-conscienciacio-per-evitar-que-la-ciutadania-alimenti-els-coloms-2\/","title":{"rendered":"La Bisbal del Pened\u00e8s engega una campanya de conscienciaci\u00f3 per evitar que la ciutadania alimenti els coloms"},"content":{"rendered":"\n<p>La Bisbal del Pened\u00e8s ha redu\u00eft en un 58% la poblaci\u00f3 de coloms en dos anys per mitj\u00e0 de la gesti\u00f3 de la poblaci\u00f3 de coloms mitjan\u00e7ant la reducci\u00f3 de la seva fertilitat. L&#8217;objectiu d&#8217;aquestes actuacions \u00e9s controlar la poblaci\u00f3 de coloms per evitar possibles problemes de salut p\u00fablica i de degradaci\u00f3 del patrimoni arquitect\u00f2nic, del mobiliari urb\u00e0 i de la vegetaci\u00f3. Podeu trobar m\u00e9s informaci\u00f3 aqu\u00ed: <a href=\"https:\/\/bit.ly\/3tURDeD\" target=\"_blank\" rel=\"noreferrer noopener\">https:\/\/bit.ly\/3tURDeD<\/a>&nbsp;<\/p>\n\n\n\n<p>No obstant aix\u00f2, cal seguir treballant perqu\u00e8 tots siguem conscients que, alimentant els coloms, ens convertim -sense saber-ho- en part del problema.<\/p>\n\n\n\n<figure class=\"wp-block-image size-large\"><img loading=\"lazy\" width=\"819\" height=\"1024\" src=\"https:\/\/bisbalpenedes.com\/web\/wp-content\/uploads\/2022\/05\/S1_P1_2_ZooEthics-819x1024.jpg\" alt=\"\" class=\"wp-image-21761\" srcset=\"https:\/\/bisbalpenedes.com\/web\/wp-content\/uploads\/2022\/05\/S1_P1_2_ZooEthics-819x1024.jpg 819w, https:\/\/bisbalpenedes.com\/web\/wp-content\/uploads\/2022\/05\/S1_P1_2_ZooEthics-scaled-600x750.jpg 600w, https:\/\/bisbalpenedes.com\/web\/wp-content\/uploads\/2022\/05\/S1_P1_2_ZooEthics-240x300.jpg 240w, https:\/\/bisbalpenedes.com\/web\/wp-content\/uploads\/2022\/05\/S1_P1_2_ZooEthics-768x960.jpg 768w, https:\/\/bisbalpenedes.com\/web\/wp-content\/uploads\/2022\/05\/S1_P1_2_ZooEthics-1229x1536.jpg 1229w, https:\/\/bisbalpenedes.com\/web\/wp-content\/uploads\/2022\/05\/S1_P1_2_ZooEthics-1638x2048.jpg 1638w, https:\/\/bisbalpenedes.com\/web\/wp-content\/uploads\/2022\/05\/S1_P1_2_ZooEthics-scaled.jpg 2048w\" sizes=\"(max-width: 819px) 100vw, 819px\" \/><\/figure>\n\n\n\n<figure class=\"wp-block-image size-large\"><img loading=\"lazy\" width=\"819\" height=\"1024\" src=\"https:\/\/bisbalpenedes.com\/web\/wp-content\/uploads\/2022\/05\/S1_P1_3_ZooEthics-819x1024.jpg\" alt=\"\" class=\"wp-image-21762\" srcset=\"https:\/\/bisbalpenedes.com\/web\/wp-content\/uploads\/2022\/05\/S1_P1_3_ZooEthics-819x1024.jpg 819w, https:\/\/bisbalpenedes.com\/web\/wp-content\/uploads\/2022\/05\/S1_P1_3_ZooEthics-scaled-600x750.jpg 600w, https:\/\/bisbalpenedes.com\/web\/wp-content\/uploads\/2022\/05\/S1_P1_3_ZooEthics-240x300.jpg 240w, https:\/\/bisbalpenedes.com\/web\/wp-content\/uploads\/2022\/05\/S1_P1_3_ZooEthics-768x960.jpg 768w, https:\/\/bisbalpenedes.com\/web\/wp-content\/uploads\/2022\/05\/S1_P1_3_ZooEthics-1229x1536.jpg 1229w, https:\/\/bisbalpenedes.com\/web\/wp-content\/uploads\/2022\/05\/S1_P1_3_ZooEthics-1638x2048.jpg 1638w, https:\/\/bisbalpenedes.com\/web\/wp-content\/uploads\/2022\/05\/S1_P1_3_ZooEthics-scaled.jpg 2048w\" sizes=\"(max-width: 819px) 100vw, 819px\" \/><\/figure>\n\n\n\n<hr class=\"wp-block-separator\"\/>\n\n\n\n<p>La Bisbal del Pened\u00e8s ha reducido en un 58% la poblaci\u00f3n de palomas en dos a\u00f1os mediante la gesti\u00f3n de la poblaci\u00f3n de palomas mediante la reducci\u00f3n de su fertilidad.&nbsp;<\/p>\n\n\n\n<p>El objetivo de estas actuaciones es controlar la poblaci\u00f3n de palomas para evitar posibles problemas de salud p\u00fablica y de degradaci\u00f3n del patrimonio arquitect\u00f3nico, del mobiliario urbano y de la vegetaci\u00f3n.<\/p>\n\n\n\n<p>Pod\u00e9is encontrar m\u00e1s informaci\u00f3n aqu\u00ed: <a href=\"https:\/\/bit.ly\/3tURDeD\" target=\"_blank\" rel=\"noreferrer noopener\">https:\/\/bit.ly\/3tURDeD<\/a>&nbsp;<\/p>\n\n\n\n<p>s&nbsp;<\/p>\n","protected":false},"excerpt":{"rendered":"<p>La Bisbal del Pened\u00e8s ha redu\u00eft en un 58% la poblaci\u00f3 de coloms en dos anys per mitj\u00e0 de la gesti\u00f3 de la poblaci\u00f3 de coloms mitjan\u00e7ant la reducci\u00f3 de &hellip; <a href=\"https:\/\/bisbalpenedes.com\/web\/2022\/05\/16\/la-bisbal-del-penedes-engega-una-campanya-de-conscienciacio-per-evitar-que-la-ciutadania-alimenti-els-coloms-2\/\" class=\"more-link\">Read More<\/a><\/p>\n","protected":false},"author":4,"featured_media":21785,"comment_status":"closed","ping_status":"closed","sticky":false,"template":"","format":"standard","meta":[],"categories":[8],"tags":[3312,1308,5244,393],"_links":{"self":[{"href":"https:\/\/bisbalpenedes.com\/web\/wp-json\/wp\/v2\/posts\/21759"}],"collection":[{"href":"https:\/\/bisbalpenedes.com\/web\/wp-json\/wp\/v2\/posts"}],"about":[{"href":"https:\/\/bisbalpenedes.com\/web\/wp-json\/wp\/v2\/types\/post"}],"author":[{"embeddable":true,"href":"https:\/\/bisbalpenedes.com\/web\/wp-json\/wp\/v2\/users\/4"}],"replies":[{"embeddable":true,"href":"https:\/\/bisbalpenedes.com\/web\/wp-json\/wp\/v2\/comments?post=21759"}],"version-history":[{"count":2,"href":"https:\/\/bisbalpenedes.com\/web\/wp-json\/wp\/v2\/posts\/21759\/revisions"}],"predecessor-version":[{"id":21787,"href":"https:\/\/bisbalpenedes.com\/web\/wp-json\/wp\/v2\/posts\/21759\/revisions\/21787"}],"wp:featuredmedia":[{"embeddable":true,"href":"https:\/\/bisbalpenedes.com\/web\/wp-json\/wp\/v2\/media\/21785"}],"wp:attachment":[{"href":"https:\/\/bisbalpenedes.com\/web\/wp-json\/wp\/v2\/media?parent=21759"}],"wp:term":[{"taxonomy":"category","embeddable":true,"href":"https:\/\/bisbalpenedes.com\/web\/wp-json\/wp\/v2\/categories?post=21759"},{"taxonomy":"post_tag","embeddable":true,"href":"https:\/\/bisbalpenedes.com\/web\/wp-json\/wp\/v2\/tags?post=21759"}],"curies":[{"name":"wp","href":"https:\/\/api.w.org\/{rel}","templated":true}]}}