{"id":21751,"date":"2022-05-16T10:12:56","date_gmt":"2022-05-16T08:12:56","guid":{"rendered":"https:\/\/bisbalpenedes.com\/web\/?p=21751"},"modified":"2022-05-16T10:12:56","modified_gmt":"2022-05-16T08:12:56","slug":"sobre-el-termini-per-fer-propostes-per-al-pressupost-participatiu-2022","status":"publish","type":"post","link":"https:\/\/bisbalpenedes.com\/web\/2022\/05\/16\/sobre-el-termini-per-fer-propostes-per-al-pressupost-participatiu-2022\/","title":{"rendered":"S\u2019obre el termini per fer propostes per al Pressupost Participatiu 2022"},"content":{"rendered":"\n<p>L\u2019Ajuntament de la Bisbal del Pened\u00e8s continua apostant per destinar una part del pressupost a les propostes que arriben directament des de la ciutadania. Per aix\u00f2, les persones que ho desitgin poden participar en la consulta p\u00fablica, del 16 al 31 de maig. Passat aquest termini, l\u2019Ajuntament de la Bisbal del Pened\u00e8s valorar\u00e0 les propostes que s\u2019hagin fet i preparar\u00e0 un m\u00e0xim de 5 propostes finalistes per a cada nucli.<\/p>\n\n\n\n<p>Perqu\u00e8 els ve\u00efns puguin votar les propostes, es repartir\u00e0 una cartolina amb les propostes per les cases (amb les propostes d\u2019aquell barri) i caldr\u00e0 que els ve\u00efns dipositin el vot de forma presencial els dies i llocs que publicarem a mitjans de juny. Durant el mes de setembre es faran p\u00fabliques les propostes m\u00e9s votades i aquestes s\u2019executaran entre els mesos d\u2019octubre i desembre.<\/p>\n\n\n\n<p>Per a m\u00e9s informaci\u00f3 sobre el tipus de propostes que s\u2019hi poden presentar i per participar en la consulta, cal que us adreceu a l\u2019enlla\u00e7: <a href=\"https:\/\/bisbalpenedes.com\/web\/pressupost-participatiu-2022\/\">https:\/\/bisbalpenedes.com\/web\/pressupost-participatiu-2022\/<\/a><\/p>\n\n\n\n<hr class=\"wp-block-separator\"\/>\n\n\n\n<p>El Ayuntamiento de la Bisbal del Pened\u00e8s contin\u00faa apostando por destinar una parte del presupuesto a las propuestas que llegan directamente desde la ciudadan\u00eda. Por este motivo, las personas que lo deseen pueden participar en la consulta p\u00fablica, del 16 al 31 de mayo. Pasado este plazo, el Ayuntamiento de la Bisbal del Pened\u00e8s valorar\u00e1 las propuestas que se hayan hecho y preparar\u00e1 un m\u00e1ximo de 5 propuestas finalistas para cada n\u00facleo.<\/p>\n\n\n\n<p>Para que los vecinos puedan votar las propuestas, se repartir\u00e1 una cartulina con las propuestas por las casas (con las propuestas de aquel barrio) y ser\u00e1 necesario que los vecinos depositen el voto de forma presencial en los d\u00edas y lugares que publicaremos en a mediados de junio. Durante el mes de septiembre se har\u00e1n p\u00fablicas las propuestas m\u00e1s votadas y estas se ejecutar\u00e1n entre los meses de octubre y diciembre.<\/p>\n\n\n\n<p>Para m\u00e1s informaci\u00f3n sobre el tipo de propuestas que se pueden presentar y para participar en la consulta, dirig\u00edos al enlace: <a href=\"https:\/\/bisbalpenedes.com\/web\/pressupost-participatiu-2022\/\">https:\/\/bisbalpenedes.com\/web\/pressupost-participatiu-2022\/<\/a><\/p>\n","protected":false},"excerpt":{"rendered":"<p>L\u2019Ajuntament de la Bisbal del Pened\u00e8s continua apostant per destinar una part del pressupost a les propostes que arriben directament des de la ciutadania. Per aix\u00f2, les persones que ho &hellip; <a href=\"https:\/\/bisbalpenedes.com\/web\/2022\/05\/16\/sobre-el-termini-per-fer-propostes-per-al-pressupost-participatiu-2022\/\" class=\"more-link\">Read More<\/a><\/p>\n","protected":false},"author":4,"featured_media":21752,"comment_status":"closed","ping_status":"closed","sticky":false,"template":"","format":"standard","meta":[],"categories":[3835,8],"tags":[459,77,3096,393,1374,1048,980],"_links":{"self":[{"href":"https:\/\/bisbalpenedes.com\/web\/wp-json\/wp\/v2\/posts\/21751"}],"collection":[{"href":"https:\/\/bisbalpenedes.com\/web\/wp-json\/wp\/v2\/posts"}],"about":[{"href":"https:\/\/bisbalpenedes.com\/web\/wp-json\/wp\/v2\/types\/post"}],"author":[{"embeddable":true,"href":"https:\/\/bisbalpenedes.com\/web\/wp-json\/wp\/v2\/users\/4"}],"replies":[{"embeddable":true,"href":"https:\/\/bisbalpenedes.com\/web\/wp-json\/wp\/v2\/comments?post=21751"}],"version-history":[{"count":1,"href":"https:\/\/bisbalpenedes.com\/web\/wp-json\/wp\/v2\/posts\/21751\/revisions"}],"predecessor-version":[{"id":21753,"href":"https:\/\/bisbalpenedes.com\/web\/wp-json\/wp\/v2\/posts\/21751\/revisions\/21753"}],"wp:featuredmedia":[{"embeddable":true,"href":"https:\/\/bisbalpenedes.com\/web\/wp-json\/wp\/v2\/media\/21752"}],"wp:attachment":[{"href":"https:\/\/bisbalpenedes.com\/web\/wp-json\/wp\/v2\/media?parent=21751"}],"wp:term":[{"taxonomy":"category","embeddable":true,"href":"https:\/\/bisbalpenedes.com\/web\/wp-json\/wp\/v2\/categories?post=21751"},{"taxonomy":"post_tag","embeddable":true,"href":"https:\/\/bisbalpenedes.com\/web\/wp-json\/wp\/v2\/tags?post=21751"}],"curies":[{"name":"wp","href":"https:\/\/api.w.org\/{rel}","templated":true}]}}