{"id":21747,"date":"2022-05-14T09:00:00","date_gmt":"2022-05-14T07:00:00","guid":{"rendered":"https:\/\/bisbalpenedes.com\/web\/?p=21747"},"modified":"2022-05-13T17:51:49","modified_gmt":"2022-05-13T15:51:49","slug":"avui-dissabte-14-de-maig-comenca-el-termini-de-licitacio-per-la-gestio-del-bar-i-la-piscina-municipal","status":"publish","type":"post","link":"https:\/\/bisbalpenedes.com\/web\/2022\/05\/14\/avui-dissabte-14-de-maig-comenca-el-termini-de-licitacio-per-la-gestio-del-bar-i-la-piscina-municipal\/","title":{"rendered":"Avui dissabte 14 de maig comen\u00e7a el termini de licitaci\u00f3 per la gesti\u00f3 del bar i la piscina municipal"},"content":{"rendered":"\n<p>Avui dissabte 14 de maig s\u2019obre el termini de licitaci\u00f3 per a la gesti\u00f3 del bar i la piscina municipal. El termini per a presentar propostes s\u2019allargar\u00e0 fins al dilluns 30 de maig a les 10h.<\/p>\n\n\n\n<p>El contracte inclou els serveis de socorrisme, taquillatge, bar, neteja i manteniment i el pressupost del contracte \u00e9s de 39.578,17\u20ac (IVA incl\u00f2s). El contracte \u00e9s per a 1 any, amb possibilitat de dues pr\u00f2rrogues d\u2019un any. La temporada de piscina d\u2019enguany anir\u00e0 del 18 de juny a l\u201911 de setembre.<\/p>\n\n\n\n<p><strong>Per a m\u00e9s informaci\u00f3 podeu accedir al perfil del contractant, entrant a l\u2019enlla\u00e7: <\/strong><a href=\"https:\/\/contractaciopublica.gencat.cat\/ecofin_pscp\/AppJava\/notice.pscp?reqCode=viewCn&amp;idDoc=101250400&amp;lawType=\">https:\/\/contractaciopublica.gencat.cat\/ecofin_pscp\/AppJava\/notice.pscp?reqCode=viewCn&amp;idDoc=101250400&amp;lawType=<\/a><\/p>\n\n\n\n<hr class=\"wp-block-separator\"\/>\n\n\n\n<p>Hoy s\u00e1bado 14 de mayo se abre el plazo de licitaci\u00f3n para la gesti\u00f3n del bar y la piscina municipal. El plazo para presentar propuestas se alargar\u00e1 hasta el lunes 30 de mayo a las 10h.<\/p>\n\n\n\n<p>El contrato incluye los servicios de socorrismo, taquillaje, bar, limpieza y mantenimiento y el presupuesto del contrato es de 39.578,17\u20ac (IVA incluido). El contrato es para 1 a\u00f1o con la posibilidad de dos pr\u00f3rrogas de un a\u00f1o. La temporada de piscina de este a\u00f1o ir\u00e1 del 18 de junio al 11 de septiembre.<\/p>\n\n\n\n<p><strong>Para m\u00e1s informaci\u00f3n pod\u00e9is acceder al perfil del contratante, entrando en el enlace:<\/strong> <\/p>\n\n\n\n<p><a href=\"https:\/\/contractaciopublica.gencat.cat\/ecofin_pscp\/AppJava\/notice.pscp?reqCode=viewCn&amp;idDoc=101250400&amp;lawType=\">https:\/\/contractaciopublica.gencat.cat\/ecofin_pscp\/AppJava\/notice.pscp?reqCode=viewCn&amp;idDoc=101250400&amp;lawType=<\/a><\/p>\n","protected":false},"excerpt":{"rendered":"<p>Avui dissabte 14 de maig s\u2019obre el termini de licitaci\u00f3 per a la gesti\u00f3 del bar i la piscina municipal. El termini per a presentar propostes s\u2019allargar\u00e0 fins al dilluns &hellip; <a href=\"https:\/\/bisbalpenedes.com\/web\/2022\/05\/14\/avui-dissabte-14-de-maig-comenca-el-termini-de-licitacio-per-la-gestio-del-bar-i-la-piscina-municipal\/\" class=\"more-link\">Read More<\/a><\/p>\n","protected":false},"author":4,"featured_media":21749,"comment_status":"closed","ping_status":"closed","sticky":false,"template":"","format":"standard","meta":[],"categories":[1628,3278,8],"tags":[5238,267,266],"_links":{"self":[{"href":"https:\/\/bisbalpenedes.com\/web\/wp-json\/wp\/v2\/posts\/21747"}],"collection":[{"href":"https:\/\/bisbalpenedes.com\/web\/wp-json\/wp\/v2\/posts"}],"about":[{"href":"https:\/\/bisbalpenedes.com\/web\/wp-json\/wp\/v2\/types\/post"}],"author":[{"embeddable":true,"href":"https:\/\/bisbalpenedes.com\/web\/wp-json\/wp\/v2\/users\/4"}],"replies":[{"embeddable":true,"href":"https:\/\/bisbalpenedes.com\/web\/wp-json\/wp\/v2\/comments?post=21747"}],"version-history":[{"count":1,"href":"https:\/\/bisbalpenedes.com\/web\/wp-json\/wp\/v2\/posts\/21747\/revisions"}],"predecessor-version":[{"id":21748,"href":"https:\/\/bisbalpenedes.com\/web\/wp-json\/wp\/v2\/posts\/21747\/revisions\/21748"}],"wp:featuredmedia":[{"embeddable":true,"href":"https:\/\/bisbalpenedes.com\/web\/wp-json\/wp\/v2\/media\/21749"}],"wp:attachment":[{"href":"https:\/\/bisbalpenedes.com\/web\/wp-json\/wp\/v2\/media?parent=21747"}],"wp:term":[{"taxonomy":"category","embeddable":true,"href":"https:\/\/bisbalpenedes.com\/web\/wp-json\/wp\/v2\/categories?post=21747"},{"taxonomy":"post_tag","embeddable":true,"href":"https:\/\/bisbalpenedes.com\/web\/wp-json\/wp\/v2\/tags?post=21747"}],"curies":[{"name":"wp","href":"https:\/\/api.w.org\/{rel}","templated":true}]}}