{"id":21722,"date":"2022-05-12T13:04:12","date_gmt":"2022-05-12T11:04:12","guid":{"rendered":"https:\/\/bisbalpenedes.com\/web\/?p=21722"},"modified":"2022-05-12T13:10:10","modified_gmt":"2022-05-12T11:10:10","slug":"el-servei-de-bus-urba-ha-registrat-un-elevat-increment-dusuaris-aquest-darrer-any-aquest-augment-coincideix-amb-la-posada-en-funcionament-del-nou-servei-que-inclou-el-transport-dels-veins-de-les-u","status":"publish","type":"post","link":"https:\/\/bisbalpenedes.com\/web\/2022\/05\/12\/el-servei-de-bus-urba-ha-registrat-un-elevat-increment-dusuaris-aquest-darrer-any-aquest-augment-coincideix-amb-la-posada-en-funcionament-del-nou-servei-que-inclou-el-transport-dels-veins-de-les-u\/","title":{"rendered":"El servei de bus urb\u00e0 ha registrat un elevat increment d&#8217;usuaris aquest darrer any \/ Aquest augment coincideix amb la posada en funcionament del nou servei -que inclou el transport dels ve\u00efns de les urbanitzacions al Vendrell i incorpora una parada a L&#8217;Ortig\u00f3s- i amb la disminuci\u00f3 de les restriccions per la pand\u00e8mia de COVID-19"},"content":{"rendered":"\n<p><\/p>\n\n\n\n<p>El servei de bus urb\u00e0 ha experimentat un elevat increment d&#8217;usuaris des de la posada en marxa del nou servei el maig de 2021. Del maig de 2021 fins a l&#8217;abril de 2022, han utilitzat aquest servei un total de 9.680 usuaris. En el mateix per\u00edode, del 2020 al 2021, la xifra ascendia a 5.486 usuaris i del 2019 al 2020 a 5.969 usuaris.<\/p>\n\n\n\n<p>El nou servei de bus, a m\u00e9s d&#8217;incloure els trajectes entre tots els nuclis del municipi i a l&#8217;Institut Coster de la Torre (horaris d&#8217;entrada i sortida), tamb\u00e9 comunica les urbanitzacions amb El Vendrell (a l&#8217;Hospital Comarcal i a la parada de busos de l&#8217;avinguda Jaume Carner) i dona servei a tot el municipi, havent incorporat una parada a l&#8217;Ortig\u00f3s.<\/p>\n\n\n\n<p>L&#8217;alcaldessa de la Bisbal del Pened\u00e8s, Agn\u00e8s Ferr\u00e9, ha explicat que &#8220;el resultat de la implantaci\u00f3 del nou servei \u00e9s molt positiu. Ara, estem estudiant noves millores i serveis de bus per al municipi&#8221;.<\/p>\n\n\n\n<p>Podeu consultar els horaris, els preus i les parades del servei de bus a l&#8217;enlla\u00e7: <a href=\"https:\/\/bisbalpenedes.com\/web\/transports\/\">https:\/\/bisbalpenedes.com\/web\/transports\/<\/a><\/p>\n\n\n\n<hr class=\"wp-block-separator\"\/>\n\n\n\n<p>El servicio de bus urbano ha experimentado un elevado incremento de usuarios desde la puesta en marcha del nuevo servicio en mayo del 2021. Desde mayo del 2021 hasta el mes de abril del 2022, han utilizado este servicio un total de 9.680 usuarios. En el mismo periodo del 2020 al 2021 la cifra ascend\u00eda a 5.486 usuarios y del 2019 al 2022 a 5.969 usuarios.<\/p>\n\n\n\n<p>El nuevo servicio de bus, adem\u00e1s de incluir los trayectos entre todos los n\u00facleos del municipio y al Instituto Coster de la Torre (horarios de entrada y salida), tambi\u00e9n comunica las urbanizaciones con El Vendrell (al Hospital Comarcal y a la parada de autobuses de la avenida Jaume Carner) y da servicio a todo el municipio, habiendo incorporado una parada en l&#8217;Ortig\u00f3s.<\/p>\n\n\n\n<p>La alcaldesa de la Bisbal del Pened\u00e8s, Agn\u00e8s Ferr\u00e9, ha explicado que &#8220;el resultado de la implantaci\u00f3n del nuevo servicio es muy positivo. Ahora, estamos estudiando nuevas mejoras y servicios de bus para el municipio&#8221;.<\/p>\n\n\n\n<p>Pod\u00e9is consultar los horarios, los precios y las paradas del servicio de bus en el enlace: <a href=\"https:\/\/bisbalpenedes.com\/web\/transports\/\">https:\/\/bisbalpenedes.com\/web\/transports\/<\/a><\/p>\n","protected":false},"excerpt":{"rendered":"<p>El servei de bus urb\u00e0 ha experimentat un elevat increment d&#8217;usuaris des de la posada en marxa del nou servei el maig de 2021. Del maig de 2021 fins a &hellip; <a href=\"https:\/\/bisbalpenedes.com\/web\/2022\/05\/12\/el-servei-de-bus-urba-ha-registrat-un-elevat-increment-dusuaris-aquest-darrer-any-aquest-augment-coincideix-amb-la-posada-en-funcionament-del-nou-servei-que-inclou-el-transport-dels-veins-de-les-u\/\" class=\"more-link\">Read More<\/a><\/p>\n","protected":false},"author":4,"featured_media":21723,"comment_status":"closed","ping_status":"closed","sticky":false,"template":"","format":"standard","meta":[],"categories":[3859,8],"tags":[787,821,391,1475,393,1181,5234,4362],"_links":{"self":[{"href":"https:\/\/bisbalpenedes.com\/web\/wp-json\/wp\/v2\/posts\/21722"}],"collection":[{"href":"https:\/\/bisbalpenedes.com\/web\/wp-json\/wp\/v2\/posts"}],"about":[{"href":"https:\/\/bisbalpenedes.com\/web\/wp-json\/wp\/v2\/types\/post"}],"author":[{"embeddable":true,"href":"https:\/\/bisbalpenedes.com\/web\/wp-json\/wp\/v2\/users\/4"}],"replies":[{"embeddable":true,"href":"https:\/\/bisbalpenedes.com\/web\/wp-json\/wp\/v2\/comments?post=21722"}],"version-history":[{"count":4,"href":"https:\/\/bisbalpenedes.com\/web\/wp-json\/wp\/v2\/posts\/21722\/revisions"}],"predecessor-version":[{"id":21727,"href":"https:\/\/bisbalpenedes.com\/web\/wp-json\/wp\/v2\/posts\/21722\/revisions\/21727"}],"wp:featuredmedia":[{"embeddable":true,"href":"https:\/\/bisbalpenedes.com\/web\/wp-json\/wp\/v2\/media\/21723"}],"wp:attachment":[{"href":"https:\/\/bisbalpenedes.com\/web\/wp-json\/wp\/v2\/media?parent=21722"}],"wp:term":[{"taxonomy":"category","embeddable":true,"href":"https:\/\/bisbalpenedes.com\/web\/wp-json\/wp\/v2\/categories?post=21722"},{"taxonomy":"post_tag","embeddable":true,"href":"https:\/\/bisbalpenedes.com\/web\/wp-json\/wp\/v2\/tags?post=21722"}],"curies":[{"name":"wp","href":"https:\/\/api.w.org\/{rel}","templated":true}]}}