{"id":21707,"date":"2022-05-11T18:22:14","date_gmt":"2022-05-11T16:22:14","guid":{"rendered":"https:\/\/bisbalpenedes.com\/web\/?p=21707"},"modified":"2022-05-11T18:33:10","modified_gmt":"2022-05-11T16:33:10","slug":"lajuntament-comprara-mobiliari-urba-per-diversos-punts-del-municipi","status":"publish","type":"post","link":"https:\/\/bisbalpenedes.com\/web\/2022\/05\/11\/lajuntament-comprara-mobiliari-urba-per-diversos-punts-del-municipi\/","title":{"rendered":"L&#8217;Ajuntament comprar\u00e0 mobiliari urb\u00e0 per a diversos punts del municipi"},"content":{"rendered":"\n<p>L&#8217;Ajuntament de la Bisbal del Pened\u00e8s ha aprovat l&#8217;adquisici\u00f3 de mobiliari urb\u00e0 per a diversos punts del municipi per un import total de 13.721,71\u20ac. Concretament, adquirir\u00e0:<\/p>\n\n\n\n<ul><li>10 bancs de fusta per al parc del Priorat i el nucli<\/li><li>20 papereres per col\u00b7locar a diversos punts del municipi<\/li><li>15 pilones per col\u00b7locar en diversos carrers del municipi<\/li><li>5 bancs de formig\u00f3 per al nucli<\/li><li>19 jardineres de formig\u00f3 per al nucli<\/li><\/ul>\n\n\n\n<p>L&#8217;alcaldessa del municipi, Agn\u00e8s Ferr\u00e9, ha explicat que &#8220;es tracta d&#8217;una adquisici\u00f3 que persegueix diversos objectius: millorar la mobilitat al municipi i embellir-lo, aix\u00ed com facilitar llocs per seure i m\u00e9s papereres a la ciutadania&#8221;. Ferr\u00e9 ha afegit que &#8220;les adquisicions en formig\u00f3 es fan, sobretot, per la resist\u00e8ncia del material als efectes de la meteorologia i reduir els possibles actes vand\u00e0lics. Aquests materials dif\u00edcilment es poden trencar o sostreure i, a m\u00e9s, potser en un futur podem optar per fer-hi pintures murals per decorar-los, com ja hem fet en altres espais&#8221;.<\/p>\n\n\n\n<p>El mobiliari de formig\u00f3 s&#8217;adquireix per un import de 10.162,19\u20ac a l&#8217;empresa Representaciones Mart\u00edn Mena SL i, la resta, a l&#8217;empresa Novatilu SL a trav\u00e9s de la central de compres de l&#8217;Associaci\u00f3 Catalana de Municipis.<\/p>\n\n\n\n<hr class=\"wp-block-separator\"\/>\n\n\n\n<p><strong>CASTELLANO |<\/strong> El Ayuntamiento de la Bisbal del Pened\u00e8s ha aprobado la adquisici\u00f3n de mobiliario urbano para varios puntos del municipio por un importe total de 13.721,71\u20ac. Concretamente, adquirir\u00e1:<\/p>\n\n\n\n<ul><li>10 bancos de madera para el parque del Priorat y el n\u00facleo<\/li><li>20 papeleras para colocar en varios puntos del municipio<\/li><li>15 bolardos para colocar en varias calles del municipio<\/li><li>5 bancos de hormig\u00f3n para el n\u00facleo<\/li><li>19 jardineras de hormig\u00f3n para el n\u00facleo<\/li><\/ul>\n\n\n\n<p>La alcaldesa del municipio, Agn\u00e8s Ferr\u00e9, ha explicado que &#8220;se trata de una adquisici\u00f3n que persigue varios objetivos: mejorar la movilidad en el municipio y embellecerlo, as\u00ed como facilitar sitios para sentarse y m\u00e1s papeleras a la ciudadan\u00eda&#8221;. Ferr\u00e9 ha a\u00f1adido que &#8220;las adquisiciones en hormig\u00f3n se hacen, sobre todo, por la resistencia del material a los efectos de la meteorolog\u00eda y para reducir los posibles actos vand\u00e1licos. Estos materiales dif\u00edcilmente se pueden romper o sustraer y, adem\u00e1s, quiz\u00e1s en un futuro podemos optar por hacer en ellos pinturas murales para decorarlos, como ya hemos hecho en otros espacios&#8221;.<\/p>\n\n\n\n<p>El mobiliario de hormig\u00f3n se adquiere, por un importe de 10.162,19\u20ac en la empresa Representaciones Mart\u00edn Mena SL y, el resto, en la empresa Novatilu SL a trav\u00e9s de la central de compras de la Associaci\u00f3 Catalana de Municipis.<\/p>\n","protected":false},"excerpt":{"rendered":"<p>L&#8217;Ajuntament de la Bisbal del Pened\u00e8s ha aprovat l&#8217;adquisici\u00f3 de mobiliari urb\u00e0 per a diversos punts del municipi per un import total de 13.721,71\u20ac. Concretament, adquirir\u00e0: 10 bancs de fusta &hellip; <a href=\"https:\/\/bisbalpenedes.com\/web\/2022\/05\/11\/lajuntament-comprara-mobiliari-urba-per-diversos-punts-del-municipi\/\" class=\"more-link\">Read More<\/a><\/p>\n","protected":false},"author":4,"featured_media":21708,"comment_status":"closed","ping_status":"closed","sticky":false,"template":"","format":"standard","meta":[],"categories":[8],"tags":[459,393,5233,1374,999],"_links":{"self":[{"href":"https:\/\/bisbalpenedes.com\/web\/wp-json\/wp\/v2\/posts\/21707"}],"collection":[{"href":"https:\/\/bisbalpenedes.com\/web\/wp-json\/wp\/v2\/posts"}],"about":[{"href":"https:\/\/bisbalpenedes.com\/web\/wp-json\/wp\/v2\/types\/post"}],"author":[{"embeddable":true,"href":"https:\/\/bisbalpenedes.com\/web\/wp-json\/wp\/v2\/users\/4"}],"replies":[{"embeddable":true,"href":"https:\/\/bisbalpenedes.com\/web\/wp-json\/wp\/v2\/comments?post=21707"}],"version-history":[{"count":2,"href":"https:\/\/bisbalpenedes.com\/web\/wp-json\/wp\/v2\/posts\/21707\/revisions"}],"predecessor-version":[{"id":21710,"href":"https:\/\/bisbalpenedes.com\/web\/wp-json\/wp\/v2\/posts\/21707\/revisions\/21710"}],"wp:featuredmedia":[{"embeddable":true,"href":"https:\/\/bisbalpenedes.com\/web\/wp-json\/wp\/v2\/media\/21708"}],"wp:attachment":[{"href":"https:\/\/bisbalpenedes.com\/web\/wp-json\/wp\/v2\/media?parent=21707"}],"wp:term":[{"taxonomy":"category","embeddable":true,"href":"https:\/\/bisbalpenedes.com\/web\/wp-json\/wp\/v2\/categories?post=21707"},{"taxonomy":"post_tag","embeddable":true,"href":"https:\/\/bisbalpenedes.com\/web\/wp-json\/wp\/v2\/tags?post=21707"}],"curies":[{"name":"wp","href":"https:\/\/api.w.org\/{rel}","templated":true}]}}