{"id":21703,"date":"2022-05-11T11:44:26","date_gmt":"2022-05-11T09:44:26","guid":{"rendered":"https:\/\/bisbalpenedes.com\/web\/?p=21703"},"modified":"2022-07-26T15:41:13","modified_gmt":"2022-07-26T13:41:13","slug":"el-dissabte-21-de-maig-arriba-la-festa-de-la-%f0%9d%98%8a%f0%9d%98%b3%f0%9d%98%b6%f0%9d%98%bb-%f0%9d%98%a5%f0%9d%98%a6-%f0%9d%98%94%f0%9d%98%a2%f0%9d%98%ba%f0%9d%98%b0-a-can-gordei-amb-musica-actuaci","status":"publish","type":"post","link":"https:\/\/bisbalpenedes.com\/web\/2022\/05\/11\/el-dissabte-21-de-maig-arriba-la-festa-de-la-%f0%9d%98%8a%f0%9d%98%b3%f0%9d%98%b6%f0%9d%98%bb-%f0%9d%98%a5%f0%9d%98%a6-%f0%9d%98%94%f0%9d%98%a2%f0%9d%98%ba%f0%9d%98%b0-a-can-gordei-amb-musica-actuaci\/","title":{"rendered":"El dissabte 21 de maig arriba la festa de la Cruz de Mayo a Can Gordei amb m\u00fasica, actuacions, exhibicions i altres activitats"},"content":{"rendered":"\n<p>El dissabte 21 de maig arriba la festa de la Cruz de Mayo a Can Gordei.\u00a0<\/p>\n\n\n\n<p>Durant tot el dia podreu gaudir de m\u00fasica, concerts, actuacions, exhibicions, tapes i moltes sorpreses que ha estat preparant l&#8217;Associaci\u00f3 de Festa i Cultura La Carcaj\u00e1.<\/p>\n\n\n\n<p>Tingueu en compte que per a la botifarrada cal reservar. Trobareu m\u00e9s informaci\u00f3 al cartell adjunt.<\/p>\n\n\n\n<hr class=\"wp-block-separator has-css-opacity\"\/>\n\n\n\n<p>El s\u00e1bado 21 de mayo llega la fiesta de la &#8216;Cruz de Mayo&#8217; a Can Gordei.&nbsp;<\/p>\n\n\n\n<p>Durante todo el d\u00eda podr\u00e9is disfrutar de m\u00fasica, conciertos, actuaciones, exhibiciones, tapas y muchas sorpresas que ha estado preparando desde la Asociaci\u00f3n de Fiesta y Cultura La Carcaj\u00e1.<\/p>\n\n\n\n<p>Tened en cuenta que para la butifarrada hay que reservar. Encontrar\u00e9is m\u00e1s informaci\u00f3n en el cartel adjunto.<\/p>\n","protected":false},"excerpt":{"rendered":"<p>El dissabte 21 de maig arriba la festa de la Cruz de Mayo a Can Gordei.\u00a0 Durant tot el dia podreu gaudir de m\u00fasica, concerts, actuacions, exhibicions, tapes i moltes &hellip; <a href=\"https:\/\/bisbalpenedes.com\/web\/2022\/05\/11\/el-dissabte-21-de-maig-arriba-la-festa-de-la-%f0%9d%98%8a%f0%9d%98%b3%f0%9d%98%b6%f0%9d%98%bb-%f0%9d%98%a5%f0%9d%98%a6-%f0%9d%98%94%f0%9d%98%a2%f0%9d%98%ba%f0%9d%98%b0-a-can-gordei-amb-musica-actuaci\/\" class=\"more-link\">Read More<\/a><\/p>\n","protected":false},"author":4,"featured_media":21589,"comment_status":"closed","ping_status":"closed","sticky":false,"template":"","format":"standard","meta":[],"categories":[4287,8],"tags":[5231,1662,198,5230,5232,1665,393],"_links":{"self":[{"href":"https:\/\/bisbalpenedes.com\/web\/wp-json\/wp\/v2\/posts\/21703"}],"collection":[{"href":"https:\/\/bisbalpenedes.com\/web\/wp-json\/wp\/v2\/posts"}],"about":[{"href":"https:\/\/bisbalpenedes.com\/web\/wp-json\/wp\/v2\/types\/post"}],"author":[{"embeddable":true,"href":"https:\/\/bisbalpenedes.com\/web\/wp-json\/wp\/v2\/users\/4"}],"replies":[{"embeddable":true,"href":"https:\/\/bisbalpenedes.com\/web\/wp-json\/wp\/v2\/comments?post=21703"}],"version-history":[{"count":4,"href":"https:\/\/bisbalpenedes.com\/web\/wp-json\/wp\/v2\/posts\/21703\/revisions"}],"predecessor-version":[{"id":22754,"href":"https:\/\/bisbalpenedes.com\/web\/wp-json\/wp\/v2\/posts\/21703\/revisions\/22754"}],"wp:featuredmedia":[{"embeddable":true,"href":"https:\/\/bisbalpenedes.com\/web\/wp-json\/wp\/v2\/media\/21589"}],"wp:attachment":[{"href":"https:\/\/bisbalpenedes.com\/web\/wp-json\/wp\/v2\/media?parent=21703"}],"wp:term":[{"taxonomy":"category","embeddable":true,"href":"https:\/\/bisbalpenedes.com\/web\/wp-json\/wp\/v2\/categories?post=21703"},{"taxonomy":"post_tag","embeddable":true,"href":"https:\/\/bisbalpenedes.com\/web\/wp-json\/wp\/v2\/tags?post=21703"}],"curies":[{"name":"wp","href":"https:\/\/api.w.org\/{rel}","templated":true}]}}