{"id":2170,"date":"2017-03-27T14:46:17","date_gmt":"2017-03-27T08:46:17","guid":{"rendered":"http:\/\/bisbalpenedes.com\/web\/?p=2170"},"modified":"2017-03-27T14:48:33","modified_gmt":"2017-03-27T08:48:33","slug":"informacio-sobre-els-requisits-per-poder-se-acollir-al-canon-social-de-laigua","status":"publish","type":"post","link":"https:\/\/bisbalpenedes.com\/web\/2017\/03\/27\/informacio-sobre-els-requisits-per-poder-se-acollir-al-canon-social-de-laigua\/","title":{"rendered":"Informaci\u00f3 sobre els requisits per poder-se acollir al c\u00e0non social de l\u2019aigua"},"content":{"rendered":"<p>El c\u00e0non de l\u2019aigua, segons l\u2019Ag\u00e8ncia Catalana de l\u2019Aigua, \u00e9s un impost amb finalitat ecol\u00f2gica sobre l\u2019\u00fas que es fa de l\u2019aigua, a trav\u00e9s del qual els usuaris contribueixen als costos dels serveis del cicle de l\u2019aigua. De manera gen\u00e8rica, el c\u00e0non de l\u2019aigua fa efectiu el principi qui contamina i qui consumeix paga. D\u2019aquesta manera l\u2019objectiu \u00e9s fomentar l\u2019\u00fas eficient de l\u2019aigua i estimular la reducci\u00f3 dels consums m\u00e9s elevats.<\/p>\n<p>Per la seva banda, el c\u00e0non de l\u2019aigua d\u2019\u00fas dom\u00e8stic \u00e9s el que es defineix per als usos residencials, particulars o comunitaris, fet per persones f\u00edsiques o jur\u00eddiques, que es corresponen amb l\u2019\u00fas de l\u2019aigua per a sanitaris, per a dutxes, per a cuina i menjador, per a rentades de roba i de vaixelles, regs de jardins, piscines i altres zones comunit\u00e0ries, refrigeraci\u00f3 i condicionaments domiciliaris, i amb altres usos de l\u2019aigua que es puguin considerar consums inherents o propis de l\u2019activitat humana en habitatges. L\u2019aigua consumida en l\u2019\u00e0mbit dom\u00e8stic pot provenir de dues fonts:<\/p>\n<p><strong>-De la xarxa de subministrament d\u2019aigua:<\/strong> s\u2019aplica un c\u00e0non de l\u2019aigua que les entitats subministradores (municipals o privades) repercuteixen als abonats en les factures d\u2019aigua que emeten.<\/p>\n<p><strong>-De fonts pr\u00f2pies (pous o altres):<\/strong> en qu\u00e8 el c\u00e0non de l\u2019aigua no s\u2019inclou a cap factura i \u00e9s el titular de la font qui ha de fer els tr\u00e0mits necessaris per abonar-lo directament a l\u2019Ag\u00e8ncia Catalana de l\u2019Aigua.<\/p>\n<p>Trobareu m\u00e9s informaci\u00f3 sobre el c\u00e0non de l\u2019aigua d\u2019\u00fas dom\u00e8stic al seg\u00fcent enlla\u00e7: <a href=\"http:\/\/aca-web.gencat.cat\/aca\/appmanager\/aca\/aca?_nfpb=true&amp;_pageLabel=B26200189501432890484504&amp;_nfls=false\">http:\/\/aca-web.gencat.cat\/aca\/appmanager\/aca\/aca?_nfpb=true&amp;_pageLabel=B26200189501432890484504&amp;_nfls=false<\/a><\/p>\n<p>&nbsp;<\/p>\n<p>Per sol\u00b7licitar el c\u00e0non els interessats, que han de ser persones f\u00edsiques titulars d\u2019un contracte dom\u00e8stic de subministrament d\u2019aigua (nom\u00e9s a l\u2019habitatge on estan empadronats) o titular d\u2019una captaci\u00f3 d\u2019aigua, hauran de dirigir-se presencialment, de forma telem\u00e0tica o per correu postal a l\u2019Ag\u00e8ncia Catalana de l\u2019Aigua. S\u2019hauran de donar les seg\u00fcents circumst\u00e0ncies:<\/p>\n<p>-Formar part d\u2019una unitat familiar amb tots els seus membres en situaci\u00f3 d\u2019atur<\/p>\n<p>-Ser perceptor d\u2019una pensi\u00f3 m\u00ednima contributiva o SOVI per jubilaci\u00f3 o vidu\u00eftat<\/p>\n<p>-Ser perceptor d\u2019una pensi\u00f3 m\u00ednima contributiva per incapacitat permanent<\/p>\n<p>-Ser perceptor d\u2019una pensi\u00f3 no contributiva per jubilaci\u00f3, jubilaci\u00f3 per invalidesa o invalidesa<\/p>\n<p>-Ser destinatari del fons de prestaci\u00f3 econ\u00f2mica de la renda m\u00ednima d\u2019inserci\u00f3 (RMI)<\/p>\n<p>-Ser perceptor de les prestacions socials de car\u00e0cter econ\u00f2mic per atendre determinades situacions de necessitats b\u00e0siques (Llei 13\/2006, de 27 de juliol)<\/p>\n<p>-Ser perceptor del fons del r\u00e8gim Fons d\u2019Assist\u00e8ncia Social (FAS)<\/p>\n<p>-Ser perceptor del fons de la Llei d\u2019Integraci\u00f3 Social dels Minusv\u00e0lids (LISMI)<\/p>\n<p>Un cop concedit i acceptat el c\u00e0non de l\u2019aigua, caldr\u00e0 que la persona f\u00edsica titular s\u2019adreci a les oficines d\u2019Aqualia (dimecres i dissabtes de 10h a 13h al CMC) per sol\u00b7licitar la tarifa social municipal, una vegada estigui en vigor.<\/p>\n","protected":false},"excerpt":{"rendered":"<p>El c\u00e0non de l\u2019aigua, segons l\u2019Ag\u00e8ncia Catalana de l\u2019Aigua, \u00e9s un impost amb finalitat ecol\u00f2gica sobre l\u2019\u00fas que es fa de l\u2019aigua, a trav\u00e9s del qual els usuaris contribueixen als &hellip; <a href=\"https:\/\/bisbalpenedes.com\/web\/2017\/03\/27\/informacio-sobre-els-requisits-per-poder-se-acollir-al-canon-social-de-laigua\/\" class=\"more-link\">Read More<\/a><\/p>\n","protected":false},"author":4,"featured_media":2174,"comment_status":"closed","ping_status":"closed","sticky":false,"template":"","format":"standard","meta":[],"categories":[17],"tags":[161,269,268],"_links":{"self":[{"href":"https:\/\/bisbalpenedes.com\/web\/wp-json\/wp\/v2\/posts\/2170"}],"collection":[{"href":"https:\/\/bisbalpenedes.com\/web\/wp-json\/wp\/v2\/posts"}],"about":[{"href":"https:\/\/bisbalpenedes.com\/web\/wp-json\/wp\/v2\/types\/post"}],"author":[{"embeddable":true,"href":"https:\/\/bisbalpenedes.com\/web\/wp-json\/wp\/v2\/users\/4"}],"replies":[{"embeddable":true,"href":"https:\/\/bisbalpenedes.com\/web\/wp-json\/wp\/v2\/comments?post=2170"}],"version-history":[{"count":3,"href":"https:\/\/bisbalpenedes.com\/web\/wp-json\/wp\/v2\/posts\/2170\/revisions"}],"predecessor-version":[{"id":2180,"href":"https:\/\/bisbalpenedes.com\/web\/wp-json\/wp\/v2\/posts\/2170\/revisions\/2180"}],"wp:featuredmedia":[{"embeddable":true,"href":"https:\/\/bisbalpenedes.com\/web\/wp-json\/wp\/v2\/media\/2174"}],"wp:attachment":[{"href":"https:\/\/bisbalpenedes.com\/web\/wp-json\/wp\/v2\/media?parent=2170"}],"wp:term":[{"taxonomy":"category","embeddable":true,"href":"https:\/\/bisbalpenedes.com\/web\/wp-json\/wp\/v2\/categories?post=2170"},{"taxonomy":"post_tag","embeddable":true,"href":"https:\/\/bisbalpenedes.com\/web\/wp-json\/wp\/v2\/tags?post=2170"}],"curies":[{"name":"wp","href":"https:\/\/api.w.org\/{rel}","templated":true}]}}