{"id":21699,"date":"2022-05-10T19:11:33","date_gmt":"2022-05-10T17:11:33","guid":{"rendered":"https:\/\/bisbalpenedes.com\/web\/?p=21699"},"modified":"2022-05-10T19:11:33","modified_gmt":"2022-05-10T17:11:33","slug":"la-placa-de-pau-casals-acollira-la-celebracio-del-dia-de-la-dansa-el-proper-dissabte-21-de-maig","status":"publish","type":"post","link":"https:\/\/bisbalpenedes.com\/web\/2022\/05\/10\/la-placa-de-pau-casals-acollira-la-celebracio-del-dia-de-la-dansa-el-proper-dissabte-21-de-maig\/","title":{"rendered":"La pla\u00e7a de Pau Casals acollir\u00e0 la celebraci\u00f3 del Dia de la Dansa el proper dissabte 21 de maig"},"content":{"rendered":"\n<p>Torna la celebraci\u00f3 del Dia de la Dansa a la Bisbal del Pened\u00e8s!Vine a moure l&#8217;esquelet a les classes de Zumba i gaudeix de les actuacions i del vermut electr\u00f2nic.No hi faltis!<\/p>\n\n\n\n<hr class=\"wp-block-separator\"\/>\n\n\n\n<p>\u00a1Vuelve la celebraci\u00f3n del D\u00eda de la Danza a la Bisbal del Pened\u00e8s!<br>Ven a mover el esqueleto a las clases de Zumba y disfruta de las actuaciones y del vermut electr\u00f3nico.\u00a1No faltes!<\/p>\n","protected":false},"excerpt":{"rendered":"<p>Torna la celebraci\u00f3 del Dia de la Dansa a la Bisbal del Pened\u00e8s!Vine a moure l&#8217;esquelet a les classes de Zumba i gaudeix de les actuacions i del vermut electr\u00f2nic.No &hellip; <a href=\"https:\/\/bisbalpenedes.com\/web\/2022\/05\/10\/la-placa-de-pau-casals-acollira-la-celebracio-del-dia-de-la-dansa-el-proper-dissabte-21-de-maig\/\" class=\"more-link\">Read More<\/a><\/p>\n","protected":false},"author":4,"featured_media":21700,"comment_status":"closed","ping_status":"closed","sticky":false,"template":"","format":"standard","meta":[],"categories":[2942,8],"tags":[459,1586,393,1374],"_links":{"self":[{"href":"https:\/\/bisbalpenedes.com\/web\/wp-json\/wp\/v2\/posts\/21699"}],"collection":[{"href":"https:\/\/bisbalpenedes.com\/web\/wp-json\/wp\/v2\/posts"}],"about":[{"href":"https:\/\/bisbalpenedes.com\/web\/wp-json\/wp\/v2\/types\/post"}],"author":[{"embeddable":true,"href":"https:\/\/bisbalpenedes.com\/web\/wp-json\/wp\/v2\/users\/4"}],"replies":[{"embeddable":true,"href":"https:\/\/bisbalpenedes.com\/web\/wp-json\/wp\/v2\/comments?post=21699"}],"version-history":[{"count":1,"href":"https:\/\/bisbalpenedes.com\/web\/wp-json\/wp\/v2\/posts\/21699\/revisions"}],"predecessor-version":[{"id":21701,"href":"https:\/\/bisbalpenedes.com\/web\/wp-json\/wp\/v2\/posts\/21699\/revisions\/21701"}],"wp:featuredmedia":[{"embeddable":true,"href":"https:\/\/bisbalpenedes.com\/web\/wp-json\/wp\/v2\/media\/21700"}],"wp:attachment":[{"href":"https:\/\/bisbalpenedes.com\/web\/wp-json\/wp\/v2\/media?parent=21699"}],"wp:term":[{"taxonomy":"category","embeddable":true,"href":"https:\/\/bisbalpenedes.com\/web\/wp-json\/wp\/v2\/categories?post=21699"},{"taxonomy":"post_tag","embeddable":true,"href":"https:\/\/bisbalpenedes.com\/web\/wp-json\/wp\/v2\/tags?post=21699"}],"curies":[{"name":"wp","href":"https:\/\/api.w.org\/{rel}","templated":true}]}}