{"id":21691,"date":"2022-05-10T18:46:29","date_gmt":"2022-05-10T16:46:29","guid":{"rendered":"https:\/\/bisbalpenedes.com\/web\/?p=21691"},"modified":"2022-05-10T18:52:48","modified_gmt":"2022-05-10T16:52:48","slug":"lajuntament-de-la-bisbal-del-penedes-ha-estat-present-en-la-fira-docupacio-de-la-cambra-de-comerc-celebrada-a-calafell","status":"publish","type":"post","link":"https:\/\/bisbalpenedes.com\/web\/2022\/05\/10\/lajuntament-de-la-bisbal-del-penedes-ha-estat-present-en-la-fira-docupacio-de-la-cambra-de-comerc-celebrada-a-calafell\/","title":{"rendered":"L\u2019Ajuntament de la Bisbal del Pened\u00e8s ha estat present en la Fira d\u2019Ocupaci\u00f3 de la Cambra de Comer\u00e7 celebrada a Calafell"},"content":{"rendered":"\n<p><span class=\"has-inline-color has-cyan-bluish-gray-color\">Foto: els regidors Feliu Gil, Judith Vidal i Leo Uceda amb la presidenta de la Cambra de Comer\u00e7 de Tarragona, Laura Roig\u00e9.<\/span><\/p>\n\n\n\n<p>L\u2019Ajuntament de la Bisbal del Pened\u00e8s ha estat present, avui dimarts 10 de maig, a la Fira de l\u2019Ocupaci\u00f3 de la Cambra de Comer\u00e7. Enguany s\u2019ha dut a terme al Port esportiu de Segur de Calafell i ha comptat amb la pres\u00e8ncia de 35 empreses i 700 persones inscrites. Quant a la Bisbal, ha comptat amb l\u2019assist\u00e8ncia de tres regidors de l\u2019equip de govern: Judith Vidal, Feliu Gil i Paqui Cepas. Durant la jornada s\u2019han dut a terme tallers relacionats amb la feina, tant amb la recerca d\u2019aquesta com amb el manteniment, l\u2019actitud i les aptituds dels treballadors o candidats.<\/p>\n\n\n\n<figure class=\"wp-block-image size-large\"><img loading=\"lazy\" width=\"768\" height=\"1024\" src=\"https:\/\/bisbalpenedes.com\/web\/wp-content\/uploads\/2022\/05\/FIRA-OCUPACIO-1.jpeg\" alt=\"\" class=\"wp-image-21695\" srcset=\"https:\/\/bisbalpenedes.com\/web\/wp-content\/uploads\/2022\/05\/FIRA-OCUPACIO-1.jpeg 768w, https:\/\/bisbalpenedes.com\/web\/wp-content\/uploads\/2022\/05\/FIRA-OCUPACIO-1-600x800.jpeg 600w, https:\/\/bisbalpenedes.com\/web\/wp-content\/uploads\/2022\/05\/FIRA-OCUPACIO-1-225x300.jpeg 225w\" sizes=\"(max-width: 768px) 100vw, 768px\" \/><\/figure>\n\n\n\n<p>Durant la presentaci\u00f3 de la Fira, la presidenta de la Cambra de Comer\u00e7 de Tarragona, Laura Roig\u00e9, ha explicat que \u201c\u00e9s la primera vegada que es fa a Calafell i hem considerat que aqu\u00ed era molt necess\u00e0ria, perqu\u00e8 com sabeu el Baix Pened\u00e8s \u00e9s el lloc de Catalunya on hi ha m\u00e9s atur\u201d.<\/p>\n\n\n\n<p>La primera tinenta d\u2019alcaldia i regidora de Comer\u00e7 de l\u2019Ajuntament de la Bisbal del Pened\u00e8s, Judith Vidal, considera que \u201cles fires d\u2019ocupaci\u00f3 s\u00f3n un espai que permet crear sinergies amb empreses i altres administracions amb l\u2019objectiu de treballar perqu\u00e8, cada vegada, puguem ocupar m\u00e9s persones a la Bisbal i des de la Bisbal del Pened\u00e8s. A la Bisbal, igual que a tota la comarca, tenim un important \u00edndex d\u2019atur. Per aix\u00f2, des del SOM Bisbal i les regidories d\u2019Ocupaci\u00f3 i Comer\u00e7 treballem constantment per potenciar l\u2019ocupaci\u00f3 i la feina al municipi\u201d. Per tot plegat, l\u2019Ajuntament de la Bisbal del Pened\u00e8s ja est\u00e0 treballant en la pr\u00f2xima edici\u00f3 de la Setmana de l\u2019Empresa i l\u2019Ocupaci\u00f3 i en la propera campanya de dinamitzaci\u00f3 comercial, que es far\u00e0 conjuntament amb la Cambra de Comer\u00e7 de Tarragona.<\/p>\n\n\n\n<hr class=\"wp-block-separator\"\/>\n\n\n\n<p><strong>CASTELLANO |<\/strong> El Ayuntamiento de la Bisbal del Pened\u00e8s ha asistido, hoy martes 10 de mayo, en la Feria de Ocupaci\u00f3n de C\u00e1mara de Comercio. Este a\u00f1o se ha llevado a cabo en el Puerto deportivo de Segur de Calafell y ha contado con la presencia de 35 empresas y 700 personas inscritas. En cuanto a la Bisbal, ha contado con la asistencia de tres concejales del equipo de gobierno: Judith Vidal, Feliu Gil y Paqui Cepas. Durante la jornada se han llevado a cabo talleres relacionados con el trabajo, tanto en la b\u00fasqueda de este como con en el mantenimiento, la actitud y las aptitudes de los trabajadores o candidatos.<\/p>\n\n\n\n<p>Durante la presentaci\u00f3n de la Fira, la presidenta de la Cambra de Comer\u00e7 de Tarragona, Laura Roig\u00e9, ha explicado que \u201ces la primera vez que se hace en Calafell y hemos considerado que aqu\u00ed era muy necesaria, porque como sab\u00e9is el Baix Pened\u00e8s es el lugar de Catalunya en el que hay m\u00e1s paro\u201d.<\/p>\n\n\n\n<p>La primera teniente de alcald\u00eda y concejala de comercio del Ayuntamiento de la Bisbal del Pened\u00e8s, Judith Vidal, considera que \u201clas ferias de ocupaci\u00f3n son un espacio que permite crear sinergias con empresas y otras administraciones con el objetivo de trabajar para que, cada vez, podamos ocupar a m\u00e1s personas en la Bisbal del Pened\u00e8s. En la Bisbal, igual que en toda la comarca, tenemos un importante \u00edndice de paro. Por eso, desde el SOM Bisbal y las concejal\u00edas de Ocupaci\u00f3n y Comercio trabajamos constantemente para potenciar la ocupaci\u00f3n y el trabajo en el municipio\u201d. Por todo ello, el Ayuntamiento de la Bisbal del Pened\u00e8s ya est\u00e1 trabajando en la pr\u00f3xima edici\u00f3n de la Semana de la Empresa y la Ocupaci\u00f3n y en la pr\u00f3xima campa\u00f1a de dinamizaci\u00f3n comercial, que se har\u00e1 conjuntamente con la C\u00e1mara de Comercio de Tarragona\u201d.<\/p>\n","protected":false},"excerpt":{"rendered":"<p>Foto: els regidors Feliu Gil, Judith Vidal i Leo Uceda amb la presidenta de la Cambra de Comer\u00e7 de Tarragona, Laura Roig\u00e9. L\u2019Ajuntament de la Bisbal del Pened\u00e8s ha estat &hellip; <a href=\"https:\/\/bisbalpenedes.com\/web\/2022\/05\/10\/lajuntament-de-la-bisbal-del-penedes-ha-estat-present-en-la-fira-docupacio-de-la-cambra-de-comerc-celebrada-a-calafell\/\" class=\"more-link\">Read More<\/a><\/p>\n","protected":false},"author":4,"featured_media":21693,"comment_status":"closed","ping_status":"closed","sticky":false,"template":"","format":"standard","meta":[],"categories":[3860,8,9],"tags":[2069,1251,4081,329,2890,393],"_links":{"self":[{"href":"https:\/\/bisbalpenedes.com\/web\/wp-json\/wp\/v2\/posts\/21691"}],"collection":[{"href":"https:\/\/bisbalpenedes.com\/web\/wp-json\/wp\/v2\/posts"}],"about":[{"href":"https:\/\/bisbalpenedes.com\/web\/wp-json\/wp\/v2\/types\/post"}],"author":[{"embeddable":true,"href":"https:\/\/bisbalpenedes.com\/web\/wp-json\/wp\/v2\/users\/4"}],"replies":[{"embeddable":true,"href":"https:\/\/bisbalpenedes.com\/web\/wp-json\/wp\/v2\/comments?post=21691"}],"version-history":[{"count":3,"href":"https:\/\/bisbalpenedes.com\/web\/wp-json\/wp\/v2\/posts\/21691\/revisions"}],"predecessor-version":[{"id":21698,"href":"https:\/\/bisbalpenedes.com\/web\/wp-json\/wp\/v2\/posts\/21691\/revisions\/21698"}],"wp:featuredmedia":[{"embeddable":true,"href":"https:\/\/bisbalpenedes.com\/web\/wp-json\/wp\/v2\/media\/21693"}],"wp:attachment":[{"href":"https:\/\/bisbalpenedes.com\/web\/wp-json\/wp\/v2\/media?parent=21691"}],"wp:term":[{"taxonomy":"category","embeddable":true,"href":"https:\/\/bisbalpenedes.com\/web\/wp-json\/wp\/v2\/categories?post=21691"},{"taxonomy":"post_tag","embeddable":true,"href":"https:\/\/bisbalpenedes.com\/web\/wp-json\/wp\/v2\/tags?post=21691"}],"curies":[{"name":"wp","href":"https:\/\/api.w.org\/{rel}","templated":true}]}}