{"id":21685,"date":"2022-05-09T09:18:56","date_gmt":"2022-05-09T07:18:56","guid":{"rendered":"https:\/\/bisbalpenedes.com\/web\/?p=21685"},"modified":"2022-05-09T09:21:40","modified_gmt":"2022-05-09T07:21:40","slug":"saprova-el-conveni-de-jove-baix-penedes-2022-2025-amb-el-consell-comarcal-del-baix-penedes","status":"publish","type":"post","link":"https:\/\/bisbalpenedes.com\/web\/2022\/05\/09\/saprova-el-conveni-de-jove-baix-penedes-2022-2025-amb-el-consell-comarcal-del-baix-penedes\/","title":{"rendered":"S\u2019aprova el conveni de \u201cJove Baix Pened\u00e8s\u201d 2022-2025 amb el Consell Comarcal del Baix Pened\u00e8s"},"content":{"rendered":"\n<p>El Ple extraordinari del 28 d\u2019abril va aprovar, per unanimitat, el conveni amb \u201cJove Baix Pened\u00e8s\u201d, mitjan\u00e7ant el qual es deleguen, a favor del Consell Comarcal del Baix Pened\u00e8s, les compet\u00e8ncies municipals per a activitats -en mat\u00e8ria de joventut- englobades a \u201cJove Baix Pened\u00e8s\u201d del 2022 al 2025.<\/p>\n\n\n\n<p>El conveni, delega les activitats en mat\u00e8ria de joventut de cinc camps d\u2019actuaci\u00f3<\/p>\n\n\n\n<ul><li>Formaci\u00f3 i ocupaci\u00f3: realitzaci\u00f3 de xerrades, cursos i tallers relacionats amb el foment de l&#8217;ocupaci\u00f3 i la formaci\u00f3.<\/li><li>Dinamitzaci\u00f3 als instituts: realitzaci\u00f3 d&#8217;accions de prevenci\u00f3 de conductes de risc i de promoci\u00f3 de l&#8217;emancipaci\u00f3 als instituts.<\/li><li>Cultura i oci: accions de promoci\u00f3 cultural i d&#8217;oci alternatiu.<\/li><li>Participaci\u00f3 juvenil: suport en els processos participatius dels municipis i &#8220;Fes la teva acci\u00f3 JBP&#8221;.<\/li><li>Salut Jove: accions de promoci\u00f3 de la salut.<\/li><\/ul>\n\n\n\n<p>El Ple tamb\u00e9 ha aprovat la mem\u00f2ria justificativa sobre la delegaci\u00f3 de les compet\u00e8ncies municipals per a activitats en mat\u00e8ria de joventut &#8220;Jove Baix Pened\u00e8s&#8221; a favor del Consell Comarcal, per treballar com a comarca, millorar l&#8217;efici\u00e8ncia de la gesti\u00f3 p\u00fablica i elminar duplicitats administratives. Per \u00faltim, s&#8217;ha aprovat l&#8217;addenda econ\u00f2mica d&#8217;aquest conveni per al 2022 per un import de 3.621,09\u20ac.<\/p>\n\n\n\n<hr class=\"wp-block-separator\"\/>\n\n\n\n<p><strong>CASTELLANO |<\/strong> El Pleno extraordinario del 28 de abril aprob\u00f3, por unanimidad, el convenio con \u201cJove Baix Pened\u00e8s\u201d, mediante el cual se delegan, a favor del Consell Comarcal del Baix Pened\u00e8s, las competencias municipales para actividades -en materia de juventud- englobadas en \u201cJove Baix Pened\u00e8s\u201d del 2022 al 2025.<\/p>\n\n\n\n<p>El convenio, delega las actividades en materia de juventud en cinco campos de actuaci\u00f3n:<\/p>\n\n\n\n<ul><li>Formaci\u00f3n y ocupaci\u00f3n: realizaci\u00f3n de charlas, cursos y talleres relacionados con el fomento de la ocupaci\u00f3n y la formaci\u00f3n.<\/li><li>Dinamizaci\u00f3n en los institutos: realizaci\u00f3n de acciones de prevenci\u00f3n de conductas de riesgo y promoci\u00f3n de la emancipaci\u00f3n en los institutos.<\/li><li>Cultura y ocio: acciones de promoci\u00f3n cultural y ocio alternativo.<\/li><li>Participaci\u00f3n juvenil: apoyo en los procesos participativos de los municipios y \u201cHaz tu acci\u00f3n JBP\u201d.<\/li><li>Salud joven: acciones de promoci\u00f3n de la salud<\/li><\/ul>\n\n\n\n<p>El Pleno tambi\u00e9n ha aprobado la memoria justificativa sobre la delegaci\u00f3n de las competencias municipales para actividades en materia de juventud \u201cJove Baix Pened\u00e8s\u201d a favor del Consell Comarcal, para trabajar como comarca, mejorar la eficiencia de la gesti\u00f3n p\u00fablica y eliminar duplicidades administrativas. Por \u00faltimo, ha aprobado la adenda econ\u00f3mica de este convenio para el 2022 por un importe de 3.621,09\u20ac.<\/p>\n","protected":false},"excerpt":{"rendered":"<p>El Ple extraordinari del 28 d\u2019abril va aprovar, per unanimitat, el conveni amb \u201cJove Baix Pened\u00e8s\u201d, mitjan\u00e7ant el qual es deleguen, a favor del Consell Comarcal del Baix Pened\u00e8s, les &hellip; <a href=\"https:\/\/bisbalpenedes.com\/web\/2022\/05\/09\/saprova-el-conveni-de-jove-baix-penedes-2022-2025-amb-el-consell-comarcal-del-baix-penedes\/\" class=\"more-link\">Read More<\/a><\/p>\n","protected":false},"author":4,"featured_media":21688,"comment_status":"closed","ping_status":"closed","sticky":false,"template":"","format":"standard","meta":[],"categories":[4269,8],"tags":[459,1056,1057,210,505,393,1374],"_links":{"self":[{"href":"https:\/\/bisbalpenedes.com\/web\/wp-json\/wp\/v2\/posts\/21685"}],"collection":[{"href":"https:\/\/bisbalpenedes.com\/web\/wp-json\/wp\/v2\/posts"}],"about":[{"href":"https:\/\/bisbalpenedes.com\/web\/wp-json\/wp\/v2\/types\/post"}],"author":[{"embeddable":true,"href":"https:\/\/bisbalpenedes.com\/web\/wp-json\/wp\/v2\/users\/4"}],"replies":[{"embeddable":true,"href":"https:\/\/bisbalpenedes.com\/web\/wp-json\/wp\/v2\/comments?post=21685"}],"version-history":[{"count":1,"href":"https:\/\/bisbalpenedes.com\/web\/wp-json\/wp\/v2\/posts\/21685\/revisions"}],"predecessor-version":[{"id":21687,"href":"https:\/\/bisbalpenedes.com\/web\/wp-json\/wp\/v2\/posts\/21685\/revisions\/21687"}],"wp:featuredmedia":[{"embeddable":true,"href":"https:\/\/bisbalpenedes.com\/web\/wp-json\/wp\/v2\/media\/21688"}],"wp:attachment":[{"href":"https:\/\/bisbalpenedes.com\/web\/wp-json\/wp\/v2\/media?parent=21685"}],"wp:term":[{"taxonomy":"category","embeddable":true,"href":"https:\/\/bisbalpenedes.com\/web\/wp-json\/wp\/v2\/categories?post=21685"},{"taxonomy":"post_tag","embeddable":true,"href":"https:\/\/bisbalpenedes.com\/web\/wp-json\/wp\/v2\/tags?post=21685"}],"curies":[{"name":"wp","href":"https:\/\/api.w.org\/{rel}","templated":true}]}}