{"id":21682,"date":"2022-05-09T09:02:53","date_gmt":"2022-05-09T07:02:53","guid":{"rendered":"https:\/\/bisbalpenedes.com\/web\/?p=21682"},"modified":"2022-05-09T09:02:53","modified_gmt":"2022-05-09T07:02:53","slug":"lajuntament-de-la-bisbal-renova-la-delegacio-al-consell-comarcal-del-baix-penedes-de-les-competencies-municipals-en-materia-de-sanejament","status":"publish","type":"post","link":"https:\/\/bisbalpenedes.com\/web\/2022\/05\/09\/lajuntament-de-la-bisbal-renova-la-delegacio-al-consell-comarcal-del-baix-penedes-de-les-competencies-municipals-en-materia-de-sanejament\/","title":{"rendered":"L&#8217;Ajuntament de la Bisbal renova la delegaci\u00f3 al Consell Comarcal del Baix Pened\u00e8s de les compet\u00e8ncies municipals en mat\u00e8ria de sanejament"},"content":{"rendered":"\n<p><strong>Les xarxes i instal\u00b7lacions delegades s\u00f3n el col\u00b7lector de sanejament principal que recull les aig\u00fces residuals del nucli urb\u00e0, del Priorat, de la Miralba i del pol\u00edgon industrial<\/strong><\/p>\n\n\n\n<p>El Ple extraordinari del passat dijous 28 d&#8217;abril va aprovar, per unanimitat, renovar la delegaci\u00f3 dels serveis de sanejament en alta de les aig\u00fces residuals urbanes, un servei essencial de titularitat municipal, al Consell Comarcal del Baix Pened\u00e8s. Aquesta delegaci\u00f3 de compet\u00e8ncies inclou la construcci\u00f3 i millora de les instal\u00b7lacions, l&#8217;explotaci\u00f3, la gesti\u00f3 i el manteniment de la xarxa b\u00e0sica en alta i el control d&#8217;abocaments, entre altres. La delegaci\u00f3 s&#8217;ha fet per 4 anys, amb possibilitat d&#8217;una pr\u00f2rroga de 4 anys m\u00e9s.<\/p>\n\n\n\n<p>Segons ha explicat la regidora del Servei d\u2019Abastament d\u2019Aigua, Leo Uceda <em>\u201cla delegaci\u00f3 millora l\u2019efici\u00e8ncia de la gesti\u00f3 p\u00fablica, contribueix a eliminar duplicitats administratives i \u00e9s conforme amb la legislaci\u00f3 d\u2019estabilitat pressupost\u00e0ria i sostenibilitat financera\u201d<\/em>.<\/p>\n\n\n\n<p>Les xarxes i instal\u00b7lacions que es deleguen s\u00f3n el col\u00b7lector de sanejament principal que recull les aig\u00fces residuals del nucli urb\u00e0, del Priorat, de la Miralba i del pol\u00edgon industrial. Ara l\u2019Ajuntament est\u00e0 treballant per delegar tamb\u00e9 la depuradora de l\u2019Esplai.<\/p>\n\n\n\n<hr class=\"wp-block-separator\"\/>\n\n\n\n<h2>El Ayuntamiento de la Bisbal renueva la delegaci\u00f3n al Consell Comarcal del Baix Pened\u00e8s de las competencias municipales en materia de saneamiento<\/h2>\n\n\n\n<p><strong>Las redes e instalaciones delegadas son el colector de saneamiento principal que recoge las aguas residuales del n\u00facleo urbano, del Priorat, de la Miralba y del pol\u00edgono industrial<\/strong><\/p>\n\n\n\n<p>El Pleno extraordinario del pasado jueves 28 de abril aprob\u00f3, por unanimidad, renovar la delegaci\u00f3n de los servicios de saneamiento en alta de las aguas residuales urbanas, un servicio esencial de titularidad municipal, al Consell Comarcal del Baix Pened\u00e8s. Esta delegaci\u00f3n de competencias incluye la construcci\u00f3n y mejora de las instalaciones, la explotaci\u00f3n, la gesti\u00f3n y el mantenimiento de la red b\u00e1sica en alta y el control de vertidos, entre otros. La delegaci\u00f3n se ha hecho por 4 a\u00f1os, con posibilidad de una pr\u00f3rroga de 4 a\u00f1os m\u00e1s.<\/p>\n\n\n\n<p>Seg\u00fan ha explicado la concejala del Servicio de Abastecimiento de agua, Leo Uceda <em>\u201cla delegaci\u00f3n mejora la eficiencia de la gesti\u00f3n p\u00fablica, contribuye a eliminar duplicidades administrativas y est\u00e1 conforme con la legislaci\u00f3n de estabilidad presupuestaria y sostenibilidad financiera\u201d.<\/em><\/p>\n\n\n\n<p>Las redes e instalaciones que se delegan son el colector de saneamiento principal que recoge las aguas residuales del n\u00facleo urbano, del Priorato, de la Miralba y del pol\u00edgono industrial. Ahora el Ayuntamiento est\u00e1 trabajando para delegar tambi\u00e9n la depuradora del Esplai.<\/p>\n","protected":false},"excerpt":{"rendered":"<p>Les xarxes i instal\u00b7lacions delegades s\u00f3n el col\u00b7lector de sanejament principal que recull les aig\u00fces residuals del nucli urb\u00e0, del Priorat, de la Miralba i del pol\u00edgon industrial El Ple &hellip; <a href=\"https:\/\/bisbalpenedes.com\/web\/2022\/05\/09\/lajuntament-de-la-bisbal-renova-la-delegacio-al-consell-comarcal-del-baix-penedes-de-les-competencies-municipals-en-materia-de-sanejament\/\" class=\"more-link\">Read More<\/a><\/p>\n","protected":false},"author":4,"featured_media":21684,"comment_status":"closed","ping_status":"closed","sticky":false,"template":"","format":"standard","meta":[],"categories":[8,2250,3352],"tags":[1056,393,4715],"_links":{"self":[{"href":"https:\/\/bisbalpenedes.com\/web\/wp-json\/wp\/v2\/posts\/21682"}],"collection":[{"href":"https:\/\/bisbalpenedes.com\/web\/wp-json\/wp\/v2\/posts"}],"about":[{"href":"https:\/\/bisbalpenedes.com\/web\/wp-json\/wp\/v2\/types\/post"}],"author":[{"embeddable":true,"href":"https:\/\/bisbalpenedes.com\/web\/wp-json\/wp\/v2\/users\/4"}],"replies":[{"embeddable":true,"href":"https:\/\/bisbalpenedes.com\/web\/wp-json\/wp\/v2\/comments?post=21682"}],"version-history":[{"count":1,"href":"https:\/\/bisbalpenedes.com\/web\/wp-json\/wp\/v2\/posts\/21682\/revisions"}],"predecessor-version":[{"id":21683,"href":"https:\/\/bisbalpenedes.com\/web\/wp-json\/wp\/v2\/posts\/21682\/revisions\/21683"}],"wp:featuredmedia":[{"embeddable":true,"href":"https:\/\/bisbalpenedes.com\/web\/wp-json\/wp\/v2\/media\/21684"}],"wp:attachment":[{"href":"https:\/\/bisbalpenedes.com\/web\/wp-json\/wp\/v2\/media?parent=21682"}],"wp:term":[{"taxonomy":"category","embeddable":true,"href":"https:\/\/bisbalpenedes.com\/web\/wp-json\/wp\/v2\/categories?post=21682"},{"taxonomy":"post_tag","embeddable":true,"href":"https:\/\/bisbalpenedes.com\/web\/wp-json\/wp\/v2\/tags?post=21682"}],"curies":[{"name":"wp","href":"https:\/\/api.w.org\/{rel}","templated":true}]}}