{"id":21668,"date":"2022-05-06T11:17:15","date_gmt":"2022-05-06T09:17:15","guid":{"rendered":"https:\/\/bisbalpenedes.com\/web\/?p=21668"},"modified":"2022-05-06T11:17:15","modified_gmt":"2022-05-06T09:17:15","slug":"els-alumnes-de-la-classe-de-les-abelles-p2-de-la-llar-dinfants-municipal-han-visitat-lajuntament-de-la-bisbal-del-penedes-aquest-dimecres","status":"publish","type":"post","link":"https:\/\/bisbalpenedes.com\/web\/2022\/05\/06\/els-alumnes-de-la-classe-de-les-abelles-p2-de-la-llar-dinfants-municipal-han-visitat-lajuntament-de-la-bisbal-del-penedes-aquest-dimecres\/","title":{"rendered":"Els alumnes de la classe de les abelles (P2) de la Llar d&#8217;infants municipal han visitat l&#8217;Ajuntament de la Bisbal del Pened\u00e8s aquest dimecres"},"content":{"rendered":"\n<p>L\u2019alcaldessa de la Bisbal del Pened\u00e8s, Agn\u00e8s Ferr\u00e9, ha rebut la visita de la classe de les abelles (P2) de la llar d\u2019infants municipal aquest dimecres 4 de maig. La batlessa ha rebut els infants i els mestres a l\u2019entrada de l\u2019edifici i els ha acompanyat en una visita a l\u2019Ajuntament, finalitzant a la Sala de Plens, on han rebut un obsequi. Aix\u00ed, els infants bisbalencs de P2 han pogut con\u00e8ixer l\u2019Ajuntament i ja tenen una idea de quina \u00e9s la seva funci\u00f3 i de les gestions que s\u2019hi fan.<\/p>\n\n\n\n<figure class=\"wp-block-image size-large\"><img loading=\"lazy\" width=\"1024\" height=\"768\" src=\"https:\/\/bisbalpenedes.com\/web\/wp-content\/uploads\/2022\/05\/VISITA-P2-2-1024x768.jpeg\" alt=\"\" class=\"wp-image-21670\" srcset=\"https:\/\/bisbalpenedes.com\/web\/wp-content\/uploads\/2022\/05\/VISITA-P2-2-1024x768.jpeg 1024w, https:\/\/bisbalpenedes.com\/web\/wp-content\/uploads\/2022\/05\/VISITA-P2-2-600x450.jpeg 600w, https:\/\/bisbalpenedes.com\/web\/wp-content\/uploads\/2022\/05\/VISITA-P2-2-300x225.jpeg 300w, https:\/\/bisbalpenedes.com\/web\/wp-content\/uploads\/2022\/05\/VISITA-P2-2-768x576.jpeg 768w, https:\/\/bisbalpenedes.com\/web\/wp-content\/uploads\/2022\/05\/VISITA-P2-2-1536x1152.jpeg 1536w, https:\/\/bisbalpenedes.com\/web\/wp-content\/uploads\/2022\/05\/VISITA-P2-2.jpeg 1600w\" sizes=\"(max-width: 1024px) 100vw, 1024px\" \/><\/figure>\n\n\n\n<hr class=\"wp-block-separator\"\/>\n\n\n\n<p>La alcaldesa de la Bisbal del Pened\u00e8s, Agn\u00e8s Ferr\u00e9, ha recibido la visita de la clase de las abejas (P2) de la guarder\u00eda municipal este mi\u00e9rcoles 4 de mayo. La alcaldesa ha recibido a los ni\u00f1os y ni\u00f1as y maestras a la entrada del edificio y los ha acompa\u00f1ado en una visita al Ayuntamiento, finalizando en la Sala de Plenos, donde han recibido un obsequio. As\u00ed, los ni\u00f1os y ni\u00f1as bisbalenses de P2 han podido conocer el Ayuntamiento y ya tienen una idea de cu\u00e1l es su funci\u00f3n y de las gestiones que se llevan a cabo en \u00e9l.<\/p>\n\n\n\n<figure class=\"wp-block-image size-large\"><img loading=\"lazy\" width=\"1024\" height=\"768\" src=\"https:\/\/bisbalpenedes.com\/web\/wp-content\/uploads\/2022\/05\/VISITA-P2-3-1024x768.jpeg\" alt=\"\" class=\"wp-image-21669\" srcset=\"https:\/\/bisbalpenedes.com\/web\/wp-content\/uploads\/2022\/05\/VISITA-P2-3-1024x768.jpeg 1024w, https:\/\/bisbalpenedes.com\/web\/wp-content\/uploads\/2022\/05\/VISITA-P2-3-600x450.jpeg 600w, https:\/\/bisbalpenedes.com\/web\/wp-content\/uploads\/2022\/05\/VISITA-P2-3-300x225.jpeg 300w, https:\/\/bisbalpenedes.com\/web\/wp-content\/uploads\/2022\/05\/VISITA-P2-3-768x576.jpeg 768w, https:\/\/bisbalpenedes.com\/web\/wp-content\/uploads\/2022\/05\/VISITA-P2-3-1536x1152.jpeg 1536w, https:\/\/bisbalpenedes.com\/web\/wp-content\/uploads\/2022\/05\/VISITA-P2-3.jpeg 1600w\" sizes=\"(max-width: 1024px) 100vw, 1024px\" \/><\/figure>\n","protected":false},"excerpt":{"rendered":"<p>L\u2019alcaldessa de la Bisbal del Pened\u00e8s, Agn\u00e8s Ferr\u00e9, ha rebut la visita de la classe de les abelles (P2) de la llar d\u2019infants municipal aquest dimecres 4 de maig. La &hellip; <a href=\"https:\/\/bisbalpenedes.com\/web\/2022\/05\/06\/els-alumnes-de-la-classe-de-les-abelles-p2-de-la-llar-dinfants-municipal-han-visitat-lajuntament-de-la-bisbal-del-penedes-aquest-dimecres\/\" class=\"more-link\">Read More<\/a><\/p>\n","protected":false},"author":4,"featured_media":21671,"comment_status":"closed","ping_status":"closed","sticky":false,"template":"","format":"standard","meta":[],"categories":[2402,2057,3456,8],"tags":[1151,2866,2092,393,5224,272,1124],"_links":{"self":[{"href":"https:\/\/bisbalpenedes.com\/web\/wp-json\/wp\/v2\/posts\/21668"}],"collection":[{"href":"https:\/\/bisbalpenedes.com\/web\/wp-json\/wp\/v2\/posts"}],"about":[{"href":"https:\/\/bisbalpenedes.com\/web\/wp-json\/wp\/v2\/types\/post"}],"author":[{"embeddable":true,"href":"https:\/\/bisbalpenedes.com\/web\/wp-json\/wp\/v2\/users\/4"}],"replies":[{"embeddable":true,"href":"https:\/\/bisbalpenedes.com\/web\/wp-json\/wp\/v2\/comments?post=21668"}],"version-history":[{"count":1,"href":"https:\/\/bisbalpenedes.com\/web\/wp-json\/wp\/v2\/posts\/21668\/revisions"}],"predecessor-version":[{"id":21672,"href":"https:\/\/bisbalpenedes.com\/web\/wp-json\/wp\/v2\/posts\/21668\/revisions\/21672"}],"wp:featuredmedia":[{"embeddable":true,"href":"https:\/\/bisbalpenedes.com\/web\/wp-json\/wp\/v2\/media\/21671"}],"wp:attachment":[{"href":"https:\/\/bisbalpenedes.com\/web\/wp-json\/wp\/v2\/media?parent=21668"}],"wp:term":[{"taxonomy":"category","embeddable":true,"href":"https:\/\/bisbalpenedes.com\/web\/wp-json\/wp\/v2\/categories?post=21668"},{"taxonomy":"post_tag","embeddable":true,"href":"https:\/\/bisbalpenedes.com\/web\/wp-json\/wp\/v2\/tags?post=21668"}],"curies":[{"name":"wp","href":"https:\/\/api.w.org\/{rel}","templated":true}]}}