{"id":21663,"date":"2022-05-05T15:46:02","date_gmt":"2022-05-05T13:46:02","guid":{"rendered":"https:\/\/bisbalpenedes.com\/web\/?p=21663"},"modified":"2022-05-05T15:46:02","modified_gmt":"2022-05-05T13:46:02","slug":"lajuntament-de-la-bisbal-del-penedes-rep-el-reconeixement-administracio-oberta-com-a-administracio-capdavantera-en-la-transformacio-digital-i-el-govern-obert","status":"publish","type":"post","link":"https:\/\/bisbalpenedes.com\/web\/2022\/05\/05\/lajuntament-de-la-bisbal-del-penedes-rep-el-reconeixement-administracio-oberta-com-a-administracio-capdavantera-en-la-transformacio-digital-i-el-govern-obert\/","title":{"rendered":"L\u2019Ajuntament de la Bisbal del Pened\u00e8s rep el reconeixement administraci\u00f3 oberta com a administraci\u00f3 capdavantera en la transformaci\u00f3 digital i el govern obert"},"content":{"rendered":"\n<p>L\u2019Ajuntament de la Bisbal del Pened\u00e8s ha rebut, aquest dimarts 3 de maig, el reconeixement del Consorci Administraci\u00f3 Oberta de Catalunya (AOC) en la categoria de 1.001 a 5.000 habitants, amb qu\u00e8 es distingeixen les administracions capdavanteres en la transformaci\u00f3 digital i el govern obert.<\/p>\n\n\n\n<p>Segons l\u2019equip de l\u2019AOC, el reconeixement \u201ct\u00e9 com a objectiu posar de manifest l\u2019excel\u00b7lent feina de les administracions locals i aprendre de les millores i experi\u00e8ncies per a impulsar conjuntament un pa\u00eds digital i obert. Ens basem en una metodologia pr\u00f2pia que analitza, amb rigor i a partir de dades objectivables, m\u00e9s de 30 indicadors dels 947 ajuntaments i 41 consells comarcals de Catalunya\u201d.<\/p>\n\n\n\n<p>L\u2019alcaldessa de la Bisbal del Pened\u00e8s, Agn\u00e8s Ferr\u00e9, va assistir a l\u2019acte de la VII edici\u00f3 dels Reconeixements Administraci\u00f3 Oberta acompanyada de la primera tinenta d\u2019alcaldia i ha recollit, un any m\u00e9s, aquest reconeixement a la feina feta des de l\u2019Ajuntament de la Bisbal del Pened\u00e8s.<\/p>\n\n\n\n<p>La batllessa bisbalenca ha explicat que \u201c\u00e9s un honor rebre aquest reconeixement a la feina ben feta, amb una aposta important cap a la transpar\u00e8ncia i la transformaci\u00f3 digital\u201d.<\/p>\n\n\n\n<figure class=\"wp-block-image size-large\"><img loading=\"lazy\" width=\"1024\" height=\"996\" src=\"https:\/\/bisbalpenedes.com\/web\/wp-content\/uploads\/2022\/05\/JUDITH-I-AGNES-AOC-1024x996.jpg\" alt=\"\" class=\"wp-image-21666\" srcset=\"https:\/\/bisbalpenedes.com\/web\/wp-content\/uploads\/2022\/05\/JUDITH-I-AGNES-AOC-1024x996.jpg 1024w, https:\/\/bisbalpenedes.com\/web\/wp-content\/uploads\/2022\/05\/JUDITH-I-AGNES-AOC-scaled-600x584.jpg 600w, https:\/\/bisbalpenedes.com\/web\/wp-content\/uploads\/2022\/05\/JUDITH-I-AGNES-AOC-300x292.jpg 300w, https:\/\/bisbalpenedes.com\/web\/wp-content\/uploads\/2022\/05\/JUDITH-I-AGNES-AOC-768x747.jpg 768w, https:\/\/bisbalpenedes.com\/web\/wp-content\/uploads\/2022\/05\/JUDITH-I-AGNES-AOC-1536x1494.jpg 1536w, https:\/\/bisbalpenedes.com\/web\/wp-content\/uploads\/2022\/05\/JUDITH-I-AGNES-AOC-2048x1992.jpg 2048w\" sizes=\"(max-width: 1024px) 100vw, 1024px\" \/><figcaption>D&#8217;esquerra a dreta: la primera tinenta d&#8217;alcaldia, Judith Vidal; i l&#8217;alcaldessa de la Bisbal del Pened\u00e8s, Agn\u00e8s Ferr\u00e9<\/figcaption><\/figure>\n\n\n\n<hr class=\"wp-block-separator\"\/>\n\n\n\n<p><strong>CASTELLANO |&nbsp;<\/strong>El Ayuntamiento de la Bisbal del Pened\u00e8s ha recibido, este martes 3 de mayo, el reconocimiento del Consorci Administraci\u00f3 Oberta de Catalunya (AOC) en la categoria de 1.001 a 5.000 habitantes, con la que se distingue a las administraciones l\u00edderes en la transformaci\u00f3n digital y el gobierno abierto.<\/p>\n\n\n\n<p>Seg\u00fan el equipo de la AOC, el reconocimiento \u201ctiene como objetivo poner de manifiesto el excelente trabajo de las administraciones y aprender de las mejoras y experiencias para impulsar conjuntamente un pa\u00eds digital y abierto. Nos basamos en una metodolog\u00eda propia que analiza, con rigor y a partir de datos objetivables, m\u00e1s de 30 indicadores de los 947 ayuntamientos y 41 consejos comarcales de Catalu\u00f1a\u201d.<\/p>\n\n\n\n<p>La alcaldesa de la Bisbal del Pened\u00e8s, Agn\u00e8s Ferr\u00e9, asisti\u00f3 al acto de la VII edici\u00f3n de los Reconocimientos Administraci\u00f3 Oberta acompa\u00f1ada de la primera teniente de alcald\u00eda y ha recogido, una a\u00f1o m\u00e1s, este reconocimiento al trabajo hecho desde el Ayuntamiento de la Bisbal del Pened\u00e8s.<\/p>\n\n\n\n<p>La alcaldesa de la Bisbal ha explicado que \u201ces un honor recibir este reconocimiento al trabajo bien hecho, con una apuesta importante hacia la transparencia y la transformaci\u00f3n digital\u201d.<\/p>\n","protected":false},"excerpt":{"rendered":"<p>L\u2019Ajuntament de la Bisbal del Pened\u00e8s ha rebut, aquest dimarts 3 de maig, el reconeixement del Consorci Administraci\u00f3 Oberta de Catalunya (AOC) en la categoria de 1.001 a 5.000 habitants, &hellip; <a href=\"https:\/\/bisbalpenedes.com\/web\/2022\/05\/05\/lajuntament-de-la-bisbal-del-penedes-rep-el-reconeixement-administracio-oberta-com-a-administracio-capdavantera-en-la-transformacio-digital-i-el-govern-obert\/\" class=\"more-link\">Read More<\/a><\/p>\n","protected":false},"author":4,"featured_media":21665,"comment_status":"closed","ping_status":"closed","sticky":false,"template":"","format":"standard","meta":[],"categories":[2402,2057,8],"tags":[5227,5225,1151,2092,1252,4494,459,5226,2072],"_links":{"self":[{"href":"https:\/\/bisbalpenedes.com\/web\/wp-json\/wp\/v2\/posts\/21663"}],"collection":[{"href":"https:\/\/bisbalpenedes.com\/web\/wp-json\/wp\/v2\/posts"}],"about":[{"href":"https:\/\/bisbalpenedes.com\/web\/wp-json\/wp\/v2\/types\/post"}],"author":[{"embeddable":true,"href":"https:\/\/bisbalpenedes.com\/web\/wp-json\/wp\/v2\/users\/4"}],"replies":[{"embeddable":true,"href":"https:\/\/bisbalpenedes.com\/web\/wp-json\/wp\/v2\/comments?post=21663"}],"version-history":[{"count":3,"href":"https:\/\/bisbalpenedes.com\/web\/wp-json\/wp\/v2\/posts\/21663\/revisions"}],"predecessor-version":[{"id":21673,"href":"https:\/\/bisbalpenedes.com\/web\/wp-json\/wp\/v2\/posts\/21663\/revisions\/21673"}],"wp:featuredmedia":[{"embeddable":true,"href":"https:\/\/bisbalpenedes.com\/web\/wp-json\/wp\/v2\/media\/21665"}],"wp:attachment":[{"href":"https:\/\/bisbalpenedes.com\/web\/wp-json\/wp\/v2\/media?parent=21663"}],"wp:term":[{"taxonomy":"category","embeddable":true,"href":"https:\/\/bisbalpenedes.com\/web\/wp-json\/wp\/v2\/categories?post=21663"},{"taxonomy":"post_tag","embeddable":true,"href":"https:\/\/bisbalpenedes.com\/web\/wp-json\/wp\/v2\/tags?post=21663"}],"curies":[{"name":"wp","href":"https:\/\/api.w.org\/{rel}","templated":true}]}}