{"id":21652,"date":"2022-05-03T19:06:23","date_gmt":"2022-05-03T17:06:23","guid":{"rendered":"https:\/\/bisbalpenedes.com\/web\/?p=21652"},"modified":"2022-05-03T19:06:23","modified_gmt":"2022-05-03T17:06:23","slug":"el-passat-dijous-28-dabril-va-tenir-lloc-un-ple-extraordinari-a-lajuntament-de-la-bisbal-del-penedes","status":"publish","type":"post","link":"https:\/\/bisbalpenedes.com\/web\/2022\/05\/03\/el-passat-dijous-28-dabril-va-tenir-lloc-un-ple-extraordinari-a-lajuntament-de-la-bisbal-del-penedes\/","title":{"rendered":"El passat dijous 28 d\u2019abril va tenir lloc un Ple extraordinari a l\u2019Ajuntament de la Bisbal del Pened\u00e8s"},"content":{"rendered":"\n<p>El passat dijous 28 d\u2019abril es va celebrar un Ple extraordinari a l\u2019Ajuntament de la Bisbal del Pened\u00e8s. El Ple va comptar amb l\u2019assist\u00e8ncia de tots els membres del Consistori bisbalenc.<\/p>\n\n\n\n<p>Podeu veure el Ple \u00edntegre en aquest enlla\u00e7: <a href=\"https:\/\/youtu.be\/aEuCVyDHFoM\">https:\/\/youtu.be\/aEuCVyDHFoM<\/a><\/p>\n\n\n\n<p>S\u2019hi van tractar els punts seg\u00fcents:<\/p>\n\n\n\n<p><strong>1.- Conveni de \u00abJove Baix Pened\u00e8s\u00bb 2022\/2025, amb el Consell Comarcal del Baix Pened\u00e8s<\/strong><\/p>\n\n\n\n<p>S\u2019ha aprovat per unanimitat.<\/p>\n\n\n\n<p>L\u2019Ajuntament de la Bisbal del Pened\u00e8s aprova un nou conveni amb \u201cJove Baix Pened\u00e8s\u201d.<\/p>\n\n\n\n<p>Concretament, ha aprovat:<\/p>\n\n\n\n<p>\u201cPRIMER<strong>.<\/strong> Delegar a favor del Consell Comarcal les compet\u00e8ncies municipals per a activitats en mat\u00e8ria de joventut englobades a \u00abJove Baix Pened\u00e8s\u00bb, que inclou cinc camps d\u2019actuaci\u00f3:<\/p>\n\n\n\n<p>-Formaci\u00f3 i ocupaci\u00f3: realitzaci\u00f3 de xerrades, cursos i tallers relacionats amb el foment de l\u2019ocupaci\u00f3 i la formaci\u00f3.<\/p>\n\n\n\n<p>-Dinamitzaci\u00f3 als instituts: realitzaci\u00f3 d\u2019accions de prevenci\u00f3 de conductes de risc i de promoci\u00f3 de l\u2019emancipaci\u00f3 als instituts.<\/p>\n\n\n\n<p>-Cultura i oci: accions de promoci\u00f3 cultural i d\u2019oci alternatiu.<\/p>\n\n\n\n<p>-Participaci\u00f3 juvenil: suport als processos participatius dels municipis i \u00abFes la teva acci\u00f3 JBP\u00bb.<\/p>\n\n\n\n<p>-Salut jove: accions de promoci\u00f3 de la salut.<\/p>\n\n\n\n<p>SEGON.Aprovar la mem\u00f2ria justificativa sobre la delegaci\u00f3 de les compet\u00e8ncies municipals per a activitats en mat\u00e8ria de joventut \u00abJove Baix Pened\u00e8s\u00bb a favor del Consell Comarcal, per treballar com a comarca, millorar l\u2019efici\u00e8ncia de la gesti\u00f3 p\u00fablica i eliminar duplicitats administratives.<\/p>\n\n\n\n<p>TERCER.Aprovar el conveni amb el Consell Comarcal en mat\u00e8ria de joventut, amb \u00abJove Baix Pened\u00e8s\u00bb, i la col\u00b7laboraci\u00f3 per a l\u2019assist\u00e8ncia t\u00e8cnica en mat\u00e8ria de joventut (conveni per 4 anys, prorrogable 4 anys m\u00e9s).<\/p>\n\n\n\n<p>QUART.Aprovar l\u2019addenda econ\u00f2mica d\u2019aquest conveni per aquest 2022, per un import de 3.621,09\u20ac\u201d.<\/p>\n\n\n\n<p><strong>2.- Reconeixement d\u2019obligacions de l\u2019exercici 2021<\/strong><\/p>\n\n\n\n<p>S\u2019ha aprovat amb els vots a favor de Comprom\u00eds amb la Bisbal (6), el PSC (2) i Ara la Bisbal (1) i l\u2019abstenci\u00f3 d\u2019Units per la Bisbal-FIC (1) i ERC-AM (1).<\/p>\n\n\n\n<p>S\u2019aprova el reconeixement extrajudicial de cr\u00e8dits de 10 factures, que ascendeixen a un total de 4.191,56\u20ac. Aquestes factures s\u2019imputaran al pressupost d\u2019enguany per diversos motius:<\/p>\n\n\n\n<p>-3 factures (d\u2019un total de 1.512,50\u20ac) d\u2019arreglar camins malmesos abans de collir, ja que no hi havia prou partida per fer front.<\/p>\n\n\n\n<p>-2 factures de ferreteria de material per a la brigada (d\u2019un total de 380,65\u20ac) que feia falta en aquell moment i per al qual no es va tramitar la despesa concreta, sin\u00f3 que es fa presentar la factura, i 1 factura de Correos (per un import de 191,26\u20ac) perqu\u00e8 aquest servei no est\u00e0 licitat.<\/p>\n\n\n\n<p>-4 factures que van arribar a final d\u2019any, quan ja s\u2019havien tancat els pagaments corresponents al 2021: Actuaci\u00f3 dels grallers de Vilafranca el 15 d\u2019agost (1.000\u20ac), anunci de Nadal de la Fura (248,05\u20ac), publicaci\u00f3 de l\u2019anunci del reglament d\u2019habitatge (272,25\u20ac) i factura de neteja d\u2019un cam\u00ed (586,85\u20ac).<\/p>\n\n\n\n<p><strong>3.- Aprovaci\u00f3 inicial de la modificaci\u00f3 de cr\u00e8dit 2PLE\/2022, en la modalitat de cr\u00e8dit extraordinari, per crear tres partides d\u2019inversi\u00f3, amb c\u00e0rrec al romanent de tresoreria del 2021<\/strong><\/p>\n\n\n\n<p>S\u2019ha aprovat amb els vots a favor de Comprom\u00eds amb la Bisbal (6), el PSC (2) i Ara la Bisbal (1) i les abstencions d\u2019Units per la Bisbal-FIC (1) i ERC-AM (1).<\/p>\n\n\n\n<p>L\u2019import de romanent l\u00edquid de tresoreria per a despeses generals provinent de la liquidaci\u00f3 de l\u2019exercici de 2021 \u00e9s d\u20191.852.897,50\u20ac. D\u2019aquest import, s\u2019han destinat 429.932,05\u20ac, mitjan\u00e7ant Decret d\u2019Alcaldia, a la modificaci\u00f3 de cr\u00e8dit 2ALC\/2022 en la modalitat d\u2019incorporaci\u00f3 de romanents de cr\u00e8dits.<\/p>\n\n\n\n<p>Per tant, queden disponibles 1.422.965,45\u20ac del romanent de tresoreria del 2021. El Ple ha aprovat dues distribucions:<\/p>\n\n\n\n<p>-919.363,93\u20ac en la modificaci\u00f3 de cr\u00e8dit 1PLE\/2022, en la modalitat de suplement de cr\u00e8dit (m\u00e9s detalls al seg\u00fcent punt de l\u2019ordre del dia) i 74.489,14\u20ac en la modificaci\u00f3 de cr\u00e8dit d\u2019aquesta proposta.<\/p>\n\n\n\n<p>Despr\u00e9s d\u2019aquestes dues modificacions, quedaran disponibles 429.112,38\u20ac que l\u2019equip de govern destinar\u00e0 \u201ca millores en la xarxa d\u2019aigua del Priorat i Can Gordei. Ara s\u2019estan realitzant els projectes, properament els aprovarem i comptem amb fer la modificaci\u00f3 de cr\u00e8dit necess\u00e0ria durant el mes de juny\u201d.<\/p>\n\n\n\n<p>Els 74.489,14\u20ac de la modificaci\u00f3 de cr\u00e8dit d\u2019aquesta proposta es destinaran:<\/p>\n\n\n\n<p>-13.060,15\u20ac a l\u2019adquisici\u00f3 de b\u00fasties per a La Miralba i Santa Cristina<\/p>\n\n\n\n<p>-27.981,49\u20ac a mobiliari per als edificis de l\u2019Ajuntament<\/p>\n\n\n\n<p>-33.447,50\u20ac a arranjar la Pla\u00e7a Pau Casals<\/p>\n\n\n\n<p>Aquestes tres partides no estaven incloses al pressupost 2022 perqu\u00e8, en el moment de l\u2019aprovaci\u00f3, no es comptava amb els pressupostos ni amb els informes d\u2019aquestes actuacions. De les b\u00fasties s\u00ed que es tenia per\u00f2, amb l\u2019increment de preu dels materials, s\u2019estava a l\u2019espera del pressupost definitiu.<\/p>\n\n\n\n<p><strong>4.-Aprovaci\u00f3 inicial de la modificaci\u00f3 de cr\u00e8dit 1PLE\/2022, en la modalitat de suplement de cr\u00e8dit, per incrementar quatre partides existents. <\/strong><strong>Amb c\u00e0rrec al romanent de tresoreria del 2021<\/strong><strong><\/strong><\/p>\n\n\n\n<p>S\u2019ha aprovat amb els vots a favor de Comprom\u00eds amb la Bisbal (6) i les abstencions del PSC (2), Units per la Bisbal-FIC (1), Ara la Bisbal (1) i ERC-AM (1).<\/p>\n\n\n\n<p>Com s\u2019ha detallat al 3r punt, queden disponibles 1.422.965,45\u20ac del romanent de tresoreria del 2021. D\u2019aquest import, es destinen 74.489,14\u20ac a la modificaci\u00f3 de cr\u00e8dit aprovada al punt tercer i 919.363,93\u20ac a la modificaci\u00f3 de cr\u00e8dit que s\u2019ha aprovat en aquest quart punt. S\u2019aprova:<\/p>\n\n\n\n<p>Destinar 919.363,93\u20ac del romanent de tresoreria a:<\/p>\n\n\n\n<p>-499.968\u20ac a les obres de la fase 1 del projecte de rehabilitaci\u00f3 del pavell\u00f3 esportiu i de l\u2019edifici annex destinat a vestidor del poliesportiu municipal.<\/p>\n\n\n\n<p>-382.360,16\u20ac a l\u2019adequaci\u00f3 de l\u2019edifici de la fassina<\/p>\n\n\n\n<p>-29.810,77\u20ac a la compra d\u2019una escombradora<\/p>\n\n\n\n<p>-7.225\u20ac a la millora dels parcs infantils del Priorat, Can Gordei i el nucli<\/p>\n\n\n\n<p><a><strong>5.-Conveni de d<\/strong><\/a><strong>elegaci\u00f3, a favor del Consell Comarcal del Baix Pened\u00e8s, de les compet\u00e8ncies municipals en mat\u00e8ria de sanejament<\/strong><\/p>\n\n\n\n<p>S\u2019aprova per unanimitat.<\/p>\n\n\n\n<p>S\u2019aprova delegar, durant 4 anys (amb possibilitat de pr\u00f2rroga de 4 anys m\u00e9s) els serveis de sanejament en alta de les aig\u00fces residuals urbanes, un servei essencial de titularitat municipal, al Consell Comarcal del Baix Pened\u00e8s. Aquesta delegaci\u00f3 de compet\u00e8ncies inclou la construcci\u00f3 i millora de les instal\u00b7lacions, l\u2019explotaci\u00f3, la gesti\u00f3 i el manteniment de la xarxa b\u00e0sica en alta i el control d\u2019abocaments, entre altres.<\/p>\n\n\n\n<p>Segons ha explicat la regidora del Servei d\u2019Abastament d\u2019Aigua, Leo Uceda \u201cla delegaci\u00f3 millora l\u2019efici\u00e8ncia de la gesti\u00f3 p\u00fablica, contribueix a eliminar duplicitats administratives i \u00e9s conforme amb la legislaci\u00f3 d\u2019estabilitat pressupost\u00e0ria i sostenibilitat financera\u201d.<\/p>\n\n\n\n<p>Les xarxes i instal\u00b7lacions que es deleguen s\u00f3n el col\u00b7lector de sanejament principal que recull les aig\u00fces residuals del nucli urb\u00e0, del Priorat, de la Miralba i del pol\u00edgon industrial. Ara l\u2019Ajuntament est\u00e0 treballant per delegar tamb\u00e9 la depuradora de l\u2019Esplai.<\/p>\n\n\n\n<p><strong>6.-Aprovaci\u00f3 provisional de la modificaci\u00f3 puntual de les normes subsidi\u00e0ries del pol\u00edgon les Planes Baixes<\/strong><\/p>\n\n\n\n<p>S\u2019ha aprovat amb els vots a favor de Comprom\u00eds amb la Bisbal (6) i les abstencions del PSC (2), Units per la Bisbal-FIC (1), Ara la Bisbal (1), i ERC-AM (1).<\/p>\n\n\n\n<p>S\u2019aprova, provisionalment, la modificaci\u00f3 puntual de les Normes subsidi\u00e0ries de planejament, concretament l\u2019apartat 3 de l\u2019article 176.bis del Text ref\u00f3s de les Normes subsidi\u00e0ries de planejament, amb el seg\u00fcent redactat:<\/p>\n\n\n\n<p>\u201c3. Parcel\u00b7la m\u00ednima (subzona 28a i 28b)<\/p>\n\n\n\n<p>La superf\u00edcie de parcel\u00b7la m\u00ednima s\u2019estableix en 10.000m2 de s\u00f2l per a la subzona 28a i 4.000m2 de s\u00f2l per a la subzona 28b\u201d.<\/p>\n\n\n\n<p>Tamb\u00e9 s\u2019aprova enviar-ho a la Comissi\u00f3 Territorial d\u2019Urbanisme per a la seva aprovaci\u00f3 definitiva.<\/p>\n\n\n\n<p>El Ple extraordinari del 24 de febrer va aprovar inicialment la modificaci\u00f3 de les Normes Subsidi\u00e0ries de Planejament (NNSS) del pol\u00edgon industrial les Planes Baixes, amb la modificaci\u00f3 de la parcel\u00b7la m\u00ednima de la subzona 28b, passant de 10.000m2 a 4.000m2. Aquesta modificaci\u00f3 es fa per l\u2019ampliaci\u00f3 d\u2019una empresa log\u00edstica al pol\u00edgon Les Planes Baixes. Aquesta aprovaci\u00f3 ha estat a exposici\u00f3 p\u00fablica i no s\u2019hi ha presentat al\u00b7legacions. Tamb\u00e9 es van sol\u00b7licitar els informes sectorials, tal com indica l\u2019article 85.5 del Text ref\u00f3s de la Llei d\u2019Urbanisme, tenint un mes per presentar-los, i han arribat tots els informes -favorables- de l\u2019Autoritat Territorial de la Mobilitat, l\u2019Ag\u00e8ncia Catalana de l\u2019Aigua i el Departament d\u2019Empresa i Treball. Per aix\u00f2, en el Ple extraordinari d\u2019aquest dijous s\u2019ha proposat aprovar provisionalment la modificaci\u00f3 exposada.<\/p>\n\n\n\n<p><strong>7.-Aprovaci\u00f3 provisional de la modificaci\u00f3 del pla parcial del pol\u00edgon les Planes Baixes<\/strong><\/p>\n\n\n\n<p>S\u2019ha aprovat amb els vots a favor de Comprom\u00eds amb la Bisbal (6) i les abstencions del PSC (2), Units per la Bisbal-FIC (1), Ara la Bisbal (1), i ERC-AM (1).<\/p>\n\n\n\n<p>La Junta de govern del 28 de febrer va aprovar inicialment la modificaci\u00f3 del Pla parcial de les Planes baixes. Aquesta modificaci\u00f3 \u00e9s per a la creaci\u00f3 d\u2019una \u00fanica parcel\u00b7la de 52.500m2, en l\u2019\u00e0mbit modificat. Ha estat a exposici\u00f3 p\u00fablica, tal com marca la llei, i no s\u2019hi ha presentat al\u00b7legacions. Tamb\u00e9 es van sol\u00b7licitar els informes sectorials corresponents, tal com indica l\u2019article 85.5 del Text ref\u00f3s de la Llei d\u2019Urbanisme, tenint un mes per presentar-los. Ha arribat un informe -l\u2019informe sectorial de telecomunicacions em\u00e8s per la Subdirecci\u00f3 General d\u2019Infraestructures Digitals i de comunicacions electr\u00f2niques- i \u00e9s favorable a la modificaci\u00f3 del pla parcial.<\/p>\n\n\n\n<p>Per tot plegat, s\u2019ha elevat al Ple l\u2019aprovaci\u00f3 provisional de la modificaci\u00f3 puntual n\u00fam.2 del Pla parcial urban\u00edstic Les Planes Baixes, per agrupar quatre parcel\u00b7les en una \u00fanica parcel\u00b7la i enviar-ho a la Comissi\u00f3 Territorial d\u2019Urbanisme per a la seva aprovaci\u00f3 definitiva.<\/p>\n\n\n\n<p><strong>8.-Actualitzaci\u00f3 de l\u2019ordenan\u00e7a de plusv\u00e0lues, segons el modelatge de BASE i la nova normativa<\/strong><\/p>\n\n\n\n<p>S\u2019ha aprovat amb els vots a favor de Comprom\u00eds amb la Bisbal (6) i el PSC (2), el vot en contra d\u2019Ara la Bisbal (1) i l\u2019abstenci\u00f3 d\u2019Units per&nbsp; la Bisbal-FIC (1) i ERC-AM (1).<\/p>\n\n\n\n<p>S\u2019aprova provisionalment la modificaci\u00f3 de l\u2019Ordenan\u00e7a fiscal reguladora de l\u2019Impost sobre l\u2019increment del valor dels terrenys de naturalesa urbana (les plusv\u00e0lues).<\/p>\n\n\n\n<p>El novembre del 2021 es va modificar la normativa que afecta les plusv\u00e0lues i, el Reial Decret Llei 26\/2021 de 8 de novembre (pel qual s\u2019adapta el text ref\u00f3s de la Llei reguladora de les hisendes locals a la recent jurisprud\u00e8ncia del Tribunal Constitucional respecte les plusv\u00e0lues) i els Ajuntaments tenen l\u2019obligaci\u00f3 d\u2019adaptar les ordenances dins del termini de sis mesos des de l\u2019entrada en vigor de l\u2019esmentat Reial Decret. Els canvis afecten b\u00e0sicament les regles que regeixen la f\u00f3rmula de c\u00e0lcul de la base imposable.<\/p>\n\n\n\n<p>Al Ple, s\u2019ha aprovat&nbsp; provisionalment l\u2019Ordenan\u00e7a fiscal reguladora de les plusv\u00e0lues. S\u2019ha substitu\u00eft el contingut de l\u2019ordenan\u00e7a \u00edntegrament i s\u2019ha aprovat l\u2019adhesi\u00f3 a l\u2019ordenan\u00e7a elaborada i aprovada per BASE Gesti\u00f3 d\u2019ingressos, que contempla la normativa, un text que es va aprovar el mar\u00e7 de 2022.<\/p>\n\n\n\n<p><strong>Activitat de control:<\/strong><\/p>\n\n\n\n<p><strong>9.-Donar compte de l\u2019informe d\u2019intervenci\u00f3 del c\u00e0lcul d\u2019estabilitat pressupost\u00e0ria&nbsp; i sostenibilitat financera amb motiu de la liquidaci\u00f3 del pressupost de l\u2019exercici 2021<\/strong><\/p>\n\n\n\n<p>Es dona compte al Ple de la liquidaci\u00f3 del pressupost 2021, que compleix amb l\u2019estabilitat pressupost\u00e0ria i sostenibilitat financera que s\u2019exigeix a totes les administracions p\u00fabliques mitjan\u00e7ant la Llei Org\u00e0nica 2\/2012, de 27 d\u2019abril.<\/p>\n\n\n\n<p>L\u2019aprovaci\u00f3 i liquidaci\u00f3 dels pressupostos de l\u2019Ajuntament ha de complir les tres regles fiscals: estabilitat pressupost\u00e0ria, regla de la despesa i deute p\u00fablic. Enguany, el govern de l\u2019estat espanyol segueix mantenint les condicions d\u2019excepcionalitat dictades el 2022 i continuen suspeses les regles fiscals. No obstant aix\u00f2, aquesta suspensi\u00f3 nom\u00e9s afecta la regla de la despesa.<\/p>\n\n\n\n<p>La liquidaci\u00f3 del pressupost 2021 compleix amb l\u2019estabilitat pressupost\u00e0ria&nbsp; perqu\u00e8 l\u2019Ajuntament de la Bisbal del Pened\u00e8s:<\/p>\n\n\n\n<p>-T\u00e9 un super\u00e0vit no financer d\u20191.334.391,20\u20ac<\/p>\n\n\n\n<p>-T\u00e9 capacitat de finan\u00e7ament d\u20191.465.492,00\u20ac<\/p>\n\n\n\n<p>-No t\u00e9 deute a 31 de desembre de 2021<\/p>\n\n\n\n<p><strong>10.-Donar compte de l\u2019informe d&#8217;intervenci\u00f3 sobre el control de les despeses pendents d&#8217;aplicar al pressupost 2021<\/strong><\/p>\n\n\n\n<p>En compliment de la disposici\u00f3 addicional tercera de la Llei 9\/2013, de 20 de desembre, de Control del deute comercial del sector p\u00fablic, es dona compte de l\u2019informe d\u2019intervenci\u00f3 sobre el control de despeses pendents d\u2019aplicar al pressupost 2021.<\/p>\n\n\n\n<p>Durant l\u2019exercici 2021 s\u2019han generat 5.858,04\u20ac que no s\u2019han pogut aplicar al pressupost i que es corresponen a les despeses pendents d\u2019aplicar al pressupost a 31 de desembre de 2021. S\u2019imputaran a l\u2019exercici 2022, quedant el compte 413 \u201cCreditors per operacions pendents d\u2019aplicar a pressupost\u201d a zero.<\/p>\n\n\n\n<p><strong>11.-Donar compte de l\u2019informe d\u2019intervenci\u00f3 sobre el control dels comptes a justificar i les bestretes de caixa fixa 2021<\/strong><\/p>\n\n\n\n<p>Es dona compte de l\u2019informe d\u2019intervenci\u00f3 sobre el control dels comptes a justificar i les bestretes de caixa fixa 2021. Les ordres de pagament a justificar i bestretes de caixa fixa estan subjectes a fiscalitzaci\u00f3 pr\u00e8via.<\/p>\n\n\n\n<p>Durant el 2021 s\u2019han realitzat 43 bestretes, totes justificades i amb informe de fiscalitzaci\u00f3 favorable. S\u00f3n:<\/p>\n\n\n\n<p>-6 bestretes de caixa del servei de neteja, per un total de 1.749,12\u20ac, per a la compra de material de neteja<\/p>\n\n\n\n<p>-12 bestretes de caixa del servei d\u2019informaci\u00f3 i inspecci\u00f3, per un total de 3.050,02\u20ac, per al combustible dels vehicles de la unitat<\/p>\n\n\n\n<p>-9 bestretes de caixa per al rebost solidari, per un total de 2.508,83\u20ac, per a la compra d\u2019aliments frescos per al rebost solidari<\/p>\n\n\n\n<p>-13 bestretes de caixa per a la brigada, per un total de 3.629,58\u20ac, per al combustible dels vehicles de la brigada<\/p>\n\n\n\n<p>-3 bestretes de caixa per la a llar d\u2019infants, per un total de 870,29\u20ac, per a la compra de material escolar<\/p>\n\n\n\n<p><strong>12.-Donar compte de l\u2019informe d\u2019intervenci\u00f3 de la morositat anual del 2021<\/strong><\/p>\n\n\n\n<p>Es dona compte de l\u2019informe que recull la informaci\u00f3 dels pagaments efectuats en cada trimestre i les factures pendents de pagament a final de cada per\u00edode.<\/p>\n\n\n\n<p>Es conclou que l\u2019Ajuntament compleix amb la normativa de morositat.<\/p>\n\n\n\n<p><strong>13.-<\/strong><strong>Donar compte de l\u2019informe d\u2019intervenci\u00f3 de l\u2019estabilitat de la modificaci\u00f3 de cr\u00e8dit 2ALC\/2022<\/strong><\/p>\n\n\n\n<p>Es dona compte de l\u2019informe d\u2019intervenci\u00f3 de l\u2019estabilitat de la modificaci\u00f3 de cr\u00e8dit 2ALC\/2022, que conclou que es compleix l\u2019objectiu d\u2019estabilitat pressupost\u00e0ria.<\/p>\n\n\n\n<p>El 4 d\u2019abril de 2022 l\u2019alcaldessa va signar el Decret d\u2019alcaldia d\u2019incorporaci\u00f3 dels romanents de tresoreria de l\u2019exercici 2021. Es van utilitzar 378.617,16\u20ac del romanent de tresoreria per a:<\/p>\n\n\n\n<p>-Incorporacions de cr\u00e8dits corresponents a compromisos de despesa adquirits en l\u2019exercici 2021.<\/p>\n\n\n\n<p>-Incorporacions de cr\u00e8dits que emparen projectes finan\u00e7ats amb ingressos afectats.<\/p>\n\n\n\n<p><strong>14.-<\/strong><strong>Donar compte de l\u2019aprovaci\u00f3 de la liquidaci\u00f3 del pressupost del 2021<\/strong><\/p>\n\n\n\n<p>Es dona compte al Ple del Decret d\u2019alcaldia del 31 de mar\u00e7 de 2022 d\u2019aprovaci\u00f3 de la liquidaci\u00f3 del pressupost de l\u2019exercici 2021. El Decret est\u00e0 publicat, des del dia de la signatura, al llibre de Decrets, al qual hi tenen acc\u00e9s tots els regidors i regidores de la Corporaci\u00f3.<\/p>\n\n\n\n<p><strong>15.-<\/strong><strong>Donar compte del per\u00edode mitj\u00e0 de pagament del primer trimestre del 2022<\/strong><\/p>\n\n\n\n<p>L\u2019alcaldessa dona compte al Ple que es compleix amb el per\u00edode mitj\u00e0 de pagament a prove\u00efdors legalment previst, ja que \u00e9s de 14,4 dies, inferior al m\u00e0xim legal, que \u00e9s de 30 dies.<\/p>\n\n\n\n<p><strong>16.-Donar compte de l\u2019e<\/strong><strong>xecuci\u00f3 del pressupost corresponent al primer trimestre del 2022<\/strong><\/p>\n\n\n\n<p>Es dona compte al Ple que s\u2019ha complert amb l\u2019obligaci\u00f3 de remissi\u00f3 telem\u00e0tica de la informaci\u00f3 referent a l\u2019execuci\u00f3 del pressupost del primer trimestre del 2022. Es va enviar el 14 d\u2019abril -dins del termini establert- al Ministeri d\u2019Hisenda i Administracions P\u00fabliques.<\/p>\n\n\n\n<hr class=\"wp-block-separator\"\/>\n\n\n\n<p><strong>CASTELLANO<\/strong> | El pasado jueves 28 de abril se celebr\u00f3 un Pleno extraordinario en el Ayuntamiento de la Bisbal del Pened\u00e8s. El Pleno cont\u00f3 con la asistencia de todos los miembros del Consistorio bisbalense.<\/p>\n\n\n\n<figure class=\"wp-block-embed is-type-video is-provider-youtube wp-block-embed-youtube wp-embed-aspect-16-9 wp-has-aspect-ratio\"><div class=\"wp-block-embed__wrapper\">\n<iframe loading=\"lazy\" title=\"Ajuntament de la Bisbal del Pened\u00e8s. Ple extraordinari de 28 d&#039;abril de 2022\" width=\"1170\" height=\"658\" src=\"https:\/\/www.youtube.com\/embed\/aEuCVyDHFoM?feature=oembed\" frameborder=\"0\" allow=\"accelerometer; autoplay; clipboard-write; encrypted-media; gyroscope; picture-in-picture; web-share\" referrerpolicy=\"strict-origin-when-cross-origin\" allowfullscreen><\/iframe>\n<\/div><\/figure>\n\n\n\n<p>Se trataron los siguientes puntos:<\/p>\n\n\n\n<p><strong>1.-Convenio de \u201cJove Baix Pened\u00e8s\u201d 2022\/2025, con el Consell Comarcal del Baix Pened\u00e8s.<\/strong><\/p>\n\n\n\n<p>Se ha aprobado por unanimidad.<\/p>\n\n\n\n<p>El Ayuntamiento de la Bisbal del Pened\u00e8s aprueba un nuevo convenio con \u201cJove Baix Pened\u00e8s\u201d.<\/p>\n\n\n\n<p>Concretamente, ha aprobado:<\/p>\n\n\n\n<p>\u201cPRIMERO. Delegar a favor del Consell Comarcal las competencias municipales para actividades en materia de juventud englobadas en \u201cJove Baix Pened\u00e8s\u201d, que incluye cinco campos de actuaci\u00f3n:<\/p>\n\n\n\n<ul><li>Formaci\u00f3n y ocupaci\u00f3n: realizaci\u00f3n de charlas, cursos y talleres relacionados con el fomento de la ocupaci\u00f3n y la formaci\u00f3n.<\/li><li>Dinamizaci\u00f3n en los institutos: realizaci\u00f3n de acciones de prevenci\u00f3n de conductas de riesgo y de promoci\u00f3n de la emancipaci\u00f3n en los institutos.<\/li><li>Cultura y ocio: acciones de promoci\u00f3n cultural y ocio alternativo.<\/li><li>Participaci\u00f3n juvenil: apoyo a los procesos participativos de los municipios y \u201cFes la teva acci\u00f3 JBP\u201d.<\/li><li>Salud joven: acciones de promoci\u00f3n de la salud.<\/li><\/ul>\n\n\n\n<p>SEGUNDO. Aprobar la memoria justificativa sobre la delegaci\u00f3n de las competencias municipales para actividades en materia de juventud \u201cJove Baix Pened\u00e8s\u201d a favor del Consell Comarcal, para trabajar como comarca, mejorar la eficiencia de la gesti\u00f3n p\u00fablica y eliminar duplicidades administrativas\u201d.<\/p>\n\n\n\n<p>TERCERO. Aprobar el convenio con el Consell Comarcal en materia de juventud, con \u201cJove Baix Pened\u00e8s\u201d y la colaboraci\u00f3n para la asistencia t\u00e9cnica en materia de juventud (convenio por 4 a\u00f1os, prorrogable 4 a\u00f1os m\u00e1s).<\/p>\n\n\n\n<p>CUARTO. Aprobar la adenda econ\u00f3mica de este convenio para este 2022, por un importe de 3.621,09\u20ac\u201d.<\/p>\n\n\n\n<p><strong>2.-Reconocimiento de obligaciones del ejercicio 2021<\/strong><\/p>\n\n\n\n<p>Se ha aprobado con los votos a favor de Comprom\u00eds amb la Bisbal (6), el PSC (2) y Ara la Bisbal (1) y la abstenci\u00f3n de Units per la Bisbal-FIC (1) y ERC-AM (1).<\/p>\n\n\n\n<p>Se aprueba el reconocimiento extrajudicial de cr\u00e9ditos de 10 facturas, que ascienden a un total de 4.191,56\u20ac. Estas facturas se imputar\u00e1n al presupuesto de este a\u00f1o por varios motivos:<\/p>\n\n\n\n<ul><li>3 facturas (de un total de 1.512,50\u20ac) de arreglar caminos estropeados antes de la cosecha, ya que no hab\u00eda suficiente partida para hacer frente.<\/li><li>2 facturas de ferreter\u00eda de material para la brigada (de un total de 380,65\u20ac) que hac\u00eda falta en aquel momento y para el que no se tramit\u00f3 el gasto concreto, sino que se present\u00f3 la factura, y 1 factura de Correos (por un importe de 191,26\u20ac) porque este servicio no est\u00e1 licitado.<\/li><li>4 facturas que llegaron a final de a\u00f1o, cuando ya se hab\u00edan cerrado los pagos correspondientes al 2021: Actuaci\u00f3n de los <em>grallers<\/em> de Vilafranca el 15 de agosto (1.000\u20ac), anuncio de Navidad de la Fura (248,05\u20ac), publicaci\u00f3n del anuncio del reglamento de vivienda (272,25\u20ac) y factura de la limpieza de un camino (586,85\u20ac).<\/li><\/ul>\n\n\n\n<p><strong>3.-Aprobaci\u00f3n inicial de la modificaci\u00f3n de cr\u00e9dito 2PLE\/2022, en la modalidad de cr\u00e9dito extraordinario, para crear tres partidas de inversi\u00f3n, con cargo al remanente de tesorer\u00eda.<\/strong><\/p>\n\n\n\n<p>Se ha aprobado con los votos a favor de Comprom\u00eds amb la Bisbal (6), el PSC (2), y Ara la Bisbal (1) y las abstenciones de Units per la Bisbal-FIC (1) y ERC-AM (1).<\/p>\n\n\n\n<p>El importe del remanente l\u00edquido de tesorer\u00eda para gastos generales proveniente de la liquidaci\u00f3n del ejercicio de 2021 es de 1.852.897,50\u20ac. De este importe, se han destinado 429.932,05\u20ac, mediante Decreto de Alcald\u00eda, a la modificaci\u00f3n de cr\u00e9dito 2ALC\/2022 en la modalidad de incorporaci\u00f3n de remanentes de cr\u00e9ditos.<\/p>\n\n\n\n<p>Por tanto, quedan disponibles 1.422.965,45\u20ac del remanente de tesorer\u00eda del 2021. El Pleno ha aprobado dos distribuciones:<\/p>\n\n\n\n<p>-919.363,93\u20ac en la modificaci\u00f3n del cr\u00e9dito 1PLE\/2022, en la modalidad de suplemento de cr\u00e9dito (m\u00e1s detalles en el siguiente punto del orden del d\u00eda) y 74.489,14\u20ac en la modificaci\u00f3n de cr\u00e9dito de esta propuesta.<\/p>\n\n\n\n<p>Despu\u00e9s de estas dos modificaciones, quedar\u00e1n disponibles 429.112,38\u20ac que el equipo de gobierno destinar\u00e1 \u201ca mejoras en la red de agua del Priorat y Can Gordei. Ahora se est\u00e1n realizando los proyectos, pr\u00f3ximamente los aprobaremos y contamos con hacer la modificaci\u00f3n de cr\u00e9dito necesaria durante el mes de junio\u201d.<\/p>\n\n\n\n<p>Los 74.489,14\u20ac de la modificaci\u00f3n de cr\u00e9dito de esta propuesta se destinar\u00e1n:<\/p>\n\n\n\n<ul><li>13.060,15\u20ac a la adquisici\u00f3n de buzones para La Miralba y Santa Cristina<\/li><li>27.981,49\u20ac a mobiliario para los edificios del Ayuntamiento<\/li><li>33.447,50\u20ac a arreglar la Plaza Pau Casals<\/li><\/ul>\n\n\n\n<p>Estas tres partidas no estaban incluidas en el presupuesto 2022 porque, en el momento de la aprobaci\u00f3n, no se contaba con los presupuestos ni con los informes de estas actuaciones. De los buzones s\u00ed que se ten\u00eda, pero con el incremento del precio de los materiales, se estaba a la espera del presupuesto definitivo.<\/p>\n\n\n\n<p><strong>4.-Aprobaci\u00f3n inicial de la modificaci\u00f3n de cr\u00e9dito 1PLE\/2022, en la modalidad de suplemento de cr\u00e9dito para incrementar cuatro partidas existentes. Con cargo al remanente de tesorer\u00eda del 2021.<\/strong><\/p>\n\n\n\n<p>Se ha aprobado con los votos a favor de Comprom\u00eds amb la Bisbal (6) y las abstenciones del PSC (2), Units per la Bisbal-FIC (1), Ara la Bisbal (1) y ERC-AM (1).<\/p>\n\n\n\n<p>Como se ha detallado en el 3\u00ba punto, quedan disponibles 1.422.965,45\u20ac del remanente de tesorer\u00eda del 2021. De este importe, se destinan 74.489,14\u20ac a la modificaci\u00f3n de cr\u00e9dito aprobada en el punto tercero y 919.363,93\u20ac a la modificaci\u00f3n de cr\u00e9dito que se ha aprobado en este cuarto punto. Se aprueba:<\/p>\n\n\n\n<p>Destinar 919.363,93\u20ac del remanente de tesorer\u00eda a:<\/p>\n\n\n\n<ul><li>499.968\u20ac a las obras de la fase 1 del proyecto de rehabilitaci\u00f3n del pabell\u00f3n polideportivo y del edificio anexo destinado a vestidor del polideportivo municipal.<\/li><li>382.360,16\u20ac a la adecuaci\u00f3n del edificio de <em>la fassina<\/em><\/li><li>29.810,77\u20ac a la compra de una barredora<\/li><li>7.225\u20ac a la mejora de los parques infantiles del Priorat, Can Gordei y el n\u00facleo<\/li><\/ul>\n\n\n\n<p><strong>5.-Convenio de delegaci\u00f3n, a favor del Consell Comarcal del Baix Pened\u00e8s, de las competencias municipales en materia de saneamiento<\/strong><\/p>\n\n\n\n<p>Se aprueba por unanimidad.<\/p>\n\n\n\n<p>Se aprueba delegar, durante 4 a\u00f1os (con posibilidad de pr\u00f3rroga de 4 a\u00f1os m\u00e1s) los servicios de saneamiento en alta de las aguas residuales urbanas, un servicio esencial de titularidad municipal, al Consell Comarcal del Baix Pened\u00e8s. Esta delegaci\u00f3n de competencias incluye la construcci\u00f3n y mejora de las instalaciones, la explotaci\u00f3n, la gesti\u00f3n y el mantenimiento de la red b\u00e1sica en alta y el control de vertidos, entre otros.<\/p>\n\n\n\n<p>Seg\u00fan ha explicado la concejala del Servicio de Abastecimiento de Agua, Leo Uceda \u201cla delegaci\u00f3n mejora la eficiencia de la gesti\u00f3n p\u00fablica, contribuye a eliminar duplicidades administrativas y es conforme con la legislaci\u00f3n de estabilidad presupuestaria y sostenibilidad financiera\u201d.<\/p>\n\n\n\n<p>Las redes e instalaciones que se delegan son el colector de saneamiento principal que recoge las aguas residuales del n\u00facleo urbano, del Priorat, de la Masieta y del pol\u00edgono industrial. Ahora el Ayuntamiento est\u00e1 trabajando para delegar tambi\u00e9n la depuradora de l\u2019Esplai.<\/p>\n\n\n\n<p><strong>6. Aprobaci\u00f3n provisional de la modificaci\u00f3n puntual de las normas subsidiarias del pol\u00edgono les Planes Baixes.<\/strong><\/p>\n\n\n\n<p>Se ha aprobado con los votos a favor de Comprom\u00eds amb la Bisbal (6) y las abstenciones del PSC (2), Units per la Bisbal-FIC (1), Ara la Bisbal (1) y ERC-AM (1).<\/p>\n\n\n\n<p>Se aprueba, provisionalmente, la modificaci\u00f3n puntual de las Normas subsidiarias de planeamiento, concretamente el apartado 3 del art\u00edculo 176.bis del Texto refundido de las Normas subsidiarias de planeamiento, con el siguiente redactado:<\/p>\n\n\n\n<p>\u201c3. Parcela m\u00ednima (subzona 28\u00aa y 28b)<\/p>\n\n\n\n<p>La superficie de parcela m\u00ednima se establece en 10.000m2 del suelo para la subzona 28\u00aa y 4.000m2 de suelo para la zubzona 28b\u201d.<\/p>\n\n\n\n<p>Tambi\u00e9n se aprueba enviarlo a la Comisi\u00f3n Territorial de Urbanismo para su aprobaci\u00f3n definitiva.<\/p>\n\n\n\n<p>El Pleno extraordinario del 24 de febrero aprob\u00f3 inicialmente la modificaci\u00f3n del las Normas Subsidiarias de Planeamiento (NNSS) del pol\u00edgono industrial Les Planes Baixes, con la modificaci\u00f3n de la parcela m\u00ednima de la subzona 28b, pasando de 10.000m2 a 4.000m2. Esta modificaci\u00f3n se hace para la ampliaci\u00f3n de una empresa log\u00edstica en el pol\u00edgono Les Planes Baixes. Esta aprobaci\u00f3n ha estado en exposici\u00f3n p\u00fablica y no se han presentado alegaciones. Tambi\u00e9n se solicitaron los informes sectoriales, tal como indica el art\u00edculo 85.5 del Texto refundido de la Ley de Urbanismo, teniendo un mes para presentarlos, y han llegado todos los informes -favorables- de la Autoridad Territorial de la Movilidad, la Agencia Catalana del Agua y el Departamento de Empresa y Trabajo. Por todo ello, en el Pleno extraordinario de este jueves se ha propuesto aprobar provisionalmente la modificaci\u00f3n expuesta.<\/p>\n\n\n\n<p><strong>7. Aprobaci\u00f3n provisional de la modificaci\u00f3n del plan parcial del pol\u00edgono les Planes Baixes<\/strong><\/p>\n\n\n\n<p>Se ha aprobado con los votos a favor de Comprom\u00eds amb la Bisbal (6) y las abstenciones del PSC (2), Units per la Bisbal-FIC (1), Ara la Bisbal (1) y ERC-AM (1).<\/p>\n\n\n\n<p>La Junta de Gobierno del 28 de febrero aprob\u00f3 inicialmente la modificaci\u00f3n del Plan parcial de les Planes baixes. Esta modificaci\u00f3n es para la creaci\u00f3n de una \u00fanica parcela de 52.500m2, en el \u00e1mbito modificado. Ha estado en exposici\u00f3n p\u00fablica, tal como marca la ley, y no se han presentado alegaciones. Tambi\u00e9n se solicitaron los informes sectoriales correspondientes, tal como indica el art\u00edculo 85.5 del Texto refundido de la Ley de Urbanismo, teniendo un mes para presentarlos. Ha llegado un informe -el informe sectorial de telecomunicaciones emitido por la Subdirecci\u00f3n General de Infraestructuras Digitales y de comunicaciones electr\u00f3nicas- y es favorable a la modificaci\u00f3n del plan parcial.<\/p>\n\n\n\n<p>Por todo ello, se ha elevado al Pleno la aprobaci\u00f3n provisional de la modificaci\u00f3n puntual n\u00fam. 2 del Plan parcial urban\u00edstico Les Planes Baixes, para agrupar cuatro parcelas en una \u00fanica parcela y enviarlo a la Comisi\u00f3n Territorial de Urbanismo para su aprobaci\u00f3n definitiva.<\/p>\n\n\n\n<p><strong>8. Actualizaci\u00f3n de la ordenanza de plusval\u00edas, seg\u00fan el modelaje de BASE y la nueva normativa<\/strong><\/p>\n\n\n\n<p>Se ha aprobado con los votos a favor de Comprom\u00eds amb la Bisbal (1) y el PSC (2), el voto en contra de Ara la Bisbal (1) y la abstenci\u00f3n de Units per la Bisbal-FIC (1) y ERC-AM (1).<\/p>\n\n\n\n<p>Se aprueba provisionalmente la modificaci\u00f3n de la Ordenanza fiscal reguladora del Impuesto sobre el incremento del valor de los terrenos de naturaleza urbana (las plusval\u00edas).<\/p>\n\n\n\n<p>En noviembre del 2021 se modific\u00f3 la normativa que afecta las plusval\u00edas y, el Real decreto ley 26\/2021 de 8 de noviembre (por el cual se adapta el texto refundido de la Ley reguladora de las haciendas locales a la reciente jurisprudencia del Tribunal Constitucional respecto a las plusval\u00edas) y los Ayuntamientos tienen la obligaci\u00f3n de adaptar las ordenanzas dentro del plazo de seis meses desde la entrada en vigor del citado Real Decreto. Los cambios afectan b\u00e1sicamente las reglas que rigen la f\u00f3rmula de c\u00e1lculo de la base imponible.<\/p>\n\n\n\n<p>En el Pleno, se ha aprobado provisionalmente la Ordenanza fiscal reguladora de las plusval\u00edas. Se ha sustituido el contenido de la ordenanza \u00edntegramente y se ha aprobado la adhesi\u00f3n a la ordenanza elaborada y aprobada por BASE Gesti\u00f3n de ingresos, que contempla la normativa, un texto que se aprob\u00f3 en marzo de 2022.<\/p>\n\n\n\n<p><strong>Actividad de control:<\/strong><\/p>\n\n\n\n<p><strong>9.-Dar cuenta del informe de intervenci\u00f3n del c\u00e1lculo de estabilidad presupuestaria y sostenibilidad financiera con motivo de la liquidaci\u00f3n del presupuesto del ejercicio 2021<\/strong><\/p>\n\n\n\n<p>Se da cuenta al Pleno de la liquidaci\u00f3n del presupuesto 2021, que cumple con la estabilidad presupuestaria y sostenibilidad financiera que se les exige a todas las administraciones p\u00fablicas mediante la Ley Org\u00e1nica 2\/2012, de 27 de abril.<\/p>\n\n\n\n<p>La aprobaci\u00f3n y liquidaci\u00f3n de los presupuestos del Ayuntamiento tiene que cumplir las tres reglas fiscales: estabilidad presupuestaria, regla del gasto y deuda p\u00fablica. Este a\u00f1o, el gobierno del estado espa\u00f1ol sigue manteniendo las condiciones de excepcionalidad dictadas en el 2022 y contin\u00faan suspendidas las reglas fiscales. Sin embargo, esta suspensi\u00f3n solo afecta a la regla del gasto.<\/p>\n\n\n\n<p>La liquidaci\u00f3n del presupuesto 2021 cumple con la estabilidad presupuestaria porque el Ayuntamiento de la Bisbal del Pened\u00e8s:<\/p>\n\n\n\n<ul><li>Tiene un super\u00e1vit no financiero de 1.334.391,20\u20ac<\/li><li>Tiene capacidad de financiaci\u00f3n de 1.465.492,00\u20ac<\/li><li>No tiene deuda a 31 de diciembre de 2021<\/li><\/ul>\n\n\n\n<p><strong>10.-Dar cuenta del informe de intervenci\u00f3n sobre el control de los gastos pendientes de aplicar en el presupuesto 2021<\/strong><\/p>\n\n\n\n<p>En cumplimiento de la disposici\u00f3n adicional tercera de la Ley 9\/2013, de 20 de diciembre, de Control de la deuda comercial del sector p\u00fablico, se da cuenta del informe de intervenci\u00f3n sobre el control de gastos pendientes de aplicar en el presupuesto 2021.<\/p>\n\n\n\n<p>Durante el ejercicio 2021 se han generado 5.858,04\u20ac que no se han podido aplicar en el presupuesto y que se corresponden a los gastos pendientes de aplicar en el presupuesto a 31 de diciembre de 2021. Se imputar\u00e1n al ejercicio 2022, quedando la cuenta 413 \u201cCreditors per operacions pendents d\u2019aplicar a pressupost\u201d a cero.<\/p>\n\n\n\n<p><strong>11.-Dar cuenta del informe de intervenci\u00f3n sobre el control de las cuentas a justificar y los anticipos de caja fija 2021<\/strong><\/p>\n\n\n\n<p>Se da cuenta del informe de intervenci\u00f3n sobre el control de las cuentas a justificar y los anticipos de caja fija 2021. Las \u00f3rdenes de pago a justificar y anticipos de caja fija est\u00e1n sujetas a fiscalizaci\u00f3n previa.<\/p>\n\n\n\n<p>Durante el 2021 se han realizado 43 anticipos, todos justificadas y con informe de fiscalizaci\u00f3n favorable. Son:<\/p>\n\n\n\n<ul><li>6 anticipos de caja del servicio de limpieza, por un total de 1.749,12\u20ac, para la compra de material de limpieza<\/li><li>12 anticipos de caja del servicio de informaci\u00f3n e inspecci\u00f3n, por un total de 3.050,02\u20ac, para el combustible de los veh\u00edculos de la unidad<\/li><li>9 anticipos de caja para el <em>rebost solidari<\/em>, por un total de 2.508,83\u20ac, para la compra de alimentos frescos para la despensa solidaria<\/li><li>13 anticipos de caja para la brigada, por un total de 3.629,58\u20ac, para el combustible de los veh\u00edculos de la brigada<\/li><li>3 anticipos de caja por la guarder\u00eda municipal por un total de 870,29\u20ac, para la compra de material escolar<\/li><\/ul>\n\n\n\n<p><strong>12.-Dar cuenta del informe de intervenci\u00f3n de la morosidad anual del 2021<\/strong><\/p>\n\n\n\n<p>Se da cuenta del informe que recoge la informaci\u00f3n de los pagos efectuados en cada trimestre y las facturas pendientes de pago a final de cada periodo.<\/p>\n\n\n\n<p>Se concluye que el Ayuntamiento cumple con la normativa de morosidad.<\/p>\n\n\n\n<p><strong>13.-Dar cuenta del informe de intervenci\u00f3n de la estabilidad de la modificaci\u00f3n de cr\u00e9dito 2ALC\/2022<\/strong><\/p>\n\n\n\n<p>Se da cuenta del informe de intervenci\u00f3n de la estabilidad de la modificaci\u00f3n de cr\u00e9dito 2ALC\/2022, que concluye que se cumple el objetivo de estabilidad presupuestaria.<\/p>\n\n\n\n<p>El 4 de abril de 2022 la alcaldesa firm\u00f3 el Decreto de alcald\u00eda de incorporaci\u00f3n de los remanentes de tesorer\u00eda del ejercicio 2021. Se utilizaron 378.617,16\u20ac del remanente de tesorer\u00eda para:<\/p>\n\n\n\n<ul><li>Incorporaciones de cr\u00e9ditos correspondientes a compromisos de gasto adquiridos en el ejercicio 2021.<\/li><li>Incorporaciones de cr\u00e9ditos que amparan proyectos financiados con ingresos afectados.<\/li><\/ul>\n\n\n\n<p><strong>14.-Dar cuenta de la aprobaci\u00f3n de la liquidaci\u00f3n del presupuesto del 2021<\/strong><\/p>\n\n\n\n<p>Se da cuenta al Pleno del Decreto de alcald\u00eda del 31 de marzo de 2022 de aprobaci\u00f3n de la liquidaci\u00f3n del presupuesto del ejercicio 2021. El Decreto est\u00e1 publicado, desde el d\u00eda de la firma, en el libro de Decretos, al cual tienen acceso todos los concejales y concejalas de la Corporaci\u00f3n.<\/p>\n\n\n\n<p><strong>15.-Dar cuenta del periodo medio de pago del primer trimestre del 2022<\/strong><\/p>\n\n\n\n<p>La alcaldesa da cuenta al Pleno del hecho que se cumple con el periodo medio de pago a proveedores legalmente previsto, puesto que es de 14,4 d\u00edas, inferior al m\u00e1ximo legal, que es de 30 d\u00edas.<\/p>\n\n\n\n<p><strong>16.-Dar cuenta de la ejecuci\u00f3n del presupuesto correspondiente al primer trimestre del 2022<\/strong><\/p>\n\n\n\n<p>Se da cuenta al Pleno que se ha cumplido con la obligaci\u00f3n de remisi\u00f3n telem\u00e1tica de la informaci\u00f3n en lo referente a la ejecuci\u00f3n del presupuesto del primer trimestre del 2022. Se envi\u00f3 el 14 de abril -dentro del plazo establecido- al Ministerio de Hacienda y Administraciones P\u00fablicas.<\/p>\n","protected":false},"excerpt":{"rendered":"<p>El passat dijous 28 d\u2019abril es va celebrar un Ple extraordinari a l\u2019Ajuntament de la Bisbal del Pened\u00e8s. El Ple va comptar amb l\u2019assist\u00e8ncia de tots els membres del Consistori &hellip; <a href=\"https:\/\/bisbalpenedes.com\/web\/2022\/05\/03\/el-passat-dijous-28-dabril-va-tenir-lloc-un-ple-extraordinari-a-lajuntament-de-la-bisbal-del-penedes\/\" class=\"more-link\">Read More<\/a><\/p>\n","protected":false},"author":4,"featured_media":21654,"comment_status":"closed","ping_status":"closed","sticky":false,"template":"","format":"standard","meta":[],"categories":[8,2250],"tags":[393,139,423],"_links":{"self":[{"href":"https:\/\/bisbalpenedes.com\/web\/wp-json\/wp\/v2\/posts\/21652"}],"collection":[{"href":"https:\/\/bisbalpenedes.com\/web\/wp-json\/wp\/v2\/posts"}],"about":[{"href":"https:\/\/bisbalpenedes.com\/web\/wp-json\/wp\/v2\/types\/post"}],"author":[{"embeddable":true,"href":"https:\/\/bisbalpenedes.com\/web\/wp-json\/wp\/v2\/users\/4"}],"replies":[{"embeddable":true,"href":"https:\/\/bisbalpenedes.com\/web\/wp-json\/wp\/v2\/comments?post=21652"}],"version-history":[{"count":2,"href":"https:\/\/bisbalpenedes.com\/web\/wp-json\/wp\/v2\/posts\/21652\/revisions"}],"predecessor-version":[{"id":33239,"href":"https:\/\/bisbalpenedes.com\/web\/wp-json\/wp\/v2\/posts\/21652\/revisions\/33239"}],"wp:featuredmedia":[{"embeddable":true,"href":"https:\/\/bisbalpenedes.com\/web\/wp-json\/wp\/v2\/media\/21654"}],"wp:attachment":[{"href":"https:\/\/bisbalpenedes.com\/web\/wp-json\/wp\/v2\/media?parent=21652"}],"wp:term":[{"taxonomy":"category","embeddable":true,"href":"https:\/\/bisbalpenedes.com\/web\/wp-json\/wp\/v2\/categories?post=21652"},{"taxonomy":"post_tag","embeddable":true,"href":"https:\/\/bisbalpenedes.com\/web\/wp-json\/wp\/v2\/tags?post=21652"}],"curies":[{"name":"wp","href":"https:\/\/api.w.org\/{rel}","templated":true}]}}