{"id":21627,"date":"2022-05-02T13:05:59","date_gmt":"2022-05-02T11:05:59","guid":{"rendered":"https:\/\/bisbalpenedes.com\/web\/?p=21627"},"modified":"2022-05-02T13:05:59","modified_gmt":"2022-05-02T11:05:59","slug":"sobre-el-periode-de-preinscripcions-de-lescola-municipal-de-musica-la-jornada-de-portes-obertes-es-fara-el-9-de-maig-a-les-18h-al-cmc","status":"publish","type":"post","link":"https:\/\/bisbalpenedes.com\/web\/2022\/05\/02\/sobre-el-periode-de-preinscripcions-de-lescola-municipal-de-musica-la-jornada-de-portes-obertes-es-fara-el-9-de-maig-a-les-18h-al-cmc\/","title":{"rendered":"S&#8217;obre el per\u00edode de preinscripcions de l&#8217;escola municipal de m\u00fasica &#8211; la jornada de portes obertes es far\u00e0 el 9 de maig a les 18h al CMC"},"content":{"rendered":"\n<p>Des d&#8217;avui i fins al 15 de maig, podeu fer la vostra preinscripci\u00f3 per a l&#8217;escola municipal de m\u00fasica, gestionada per <a href=\"https:\/\/www.facebook.com\/escolacontrapunt?__cft__[0]=AZUcDHRTD6_EhFhqgkY__YPhE0G5SY2bQTanGXlWuQW3DaAJREtGtDreElZKYHyNQWyBXfQvhawdGZ2MzAVc71IBKSDRP6UUTmRBKNYtcQHMv-FnYb6CWBiCfXSCLeNUu7M&amp;__tn__=-]K-R\">Escola Contrapunt<\/a>. Est\u00e0 oberta a alumnes de totes les edats! <\/p>\n\n\n\n<p>El 9 de maig es far\u00e0 una jornada de portes obertes al CMC, a partir de les 18h.<\/p>\n\n\n\n<p>Per a m\u00e9s informaci\u00f3 podeu contactar amb l&#8217;escola escrivint un correu electr\u00f2nic a <a href=\"mailto:secretaria@escolacontrapunt.cat\" target=\"_blank\" rel=\"noreferrer noopener\">secretaria@escolacontrapunt.cat<\/a> <\/p>\n\n\n\n<hr class=\"wp-block-separator\"\/>\n\n\n\n<p>Desde hoy y hasta el 15 de mayo, pod\u00e9is hacer vuestra preinscripci\u00f3n para la escuela municipal de m\u00fasica, gestionada por Escola Contrapunt. \u00a1Est\u00e1 abierta a alumnos de todas las edades!<\/p>\n\n\n\n<p>El 9 de mayo se har\u00e1 una jornada de puertas abiertas en el CMC, a partir de las 18h.<\/p>\n\n\n\n<p>Para m\u00e1s informaci\u00f3n pod\u00e9is contactar con la escuela escribiendo un correo electr\u00f3nico a <a href=\"mailto:secretaria@escolacontrapunt.cat\" target=\"_blank\" rel=\"noreferrer noopener\">secretaria@escolacontrapunt.cat<\/a><\/p>\n","protected":false},"excerpt":{"rendered":"<p>Des d&#8217;avui i fins al 15 de maig, podeu fer la vostra preinscripci\u00f3 per a l&#8217;escola municipal de m\u00fasica, gestionada per Escola Contrapunt. Est\u00e0 oberta a alumnes de totes les &hellip; <a href=\"https:\/\/bisbalpenedes.com\/web\/2022\/05\/02\/sobre-el-periode-de-preinscripcions-de-lescola-municipal-de-musica-la-jornada-de-portes-obertes-es-fara-el-9-de-maig-a-les-18h-al-cmc\/\" class=\"more-link\">Read More<\/a><\/p>\n","protected":false},"author":4,"featured_media":21628,"comment_status":"closed","ping_status":"closed","sticky":false,"template":"","format":"standard","meta":[],"categories":[3456,8],"tags":[781,1014,72,1540,1413],"_links":{"self":[{"href":"https:\/\/bisbalpenedes.com\/web\/wp-json\/wp\/v2\/posts\/21627"}],"collection":[{"href":"https:\/\/bisbalpenedes.com\/web\/wp-json\/wp\/v2\/posts"}],"about":[{"href":"https:\/\/bisbalpenedes.com\/web\/wp-json\/wp\/v2\/types\/post"}],"author":[{"embeddable":true,"href":"https:\/\/bisbalpenedes.com\/web\/wp-json\/wp\/v2\/users\/4"}],"replies":[{"embeddable":true,"href":"https:\/\/bisbalpenedes.com\/web\/wp-json\/wp\/v2\/comments?post=21627"}],"version-history":[{"count":1,"href":"https:\/\/bisbalpenedes.com\/web\/wp-json\/wp\/v2\/posts\/21627\/revisions"}],"predecessor-version":[{"id":21629,"href":"https:\/\/bisbalpenedes.com\/web\/wp-json\/wp\/v2\/posts\/21627\/revisions\/21629"}],"wp:featuredmedia":[{"embeddable":true,"href":"https:\/\/bisbalpenedes.com\/web\/wp-json\/wp\/v2\/media\/21628"}],"wp:attachment":[{"href":"https:\/\/bisbalpenedes.com\/web\/wp-json\/wp\/v2\/media?parent=21627"}],"wp:term":[{"taxonomy":"category","embeddable":true,"href":"https:\/\/bisbalpenedes.com\/web\/wp-json\/wp\/v2\/categories?post=21627"},{"taxonomy":"post_tag","embeddable":true,"href":"https:\/\/bisbalpenedes.com\/web\/wp-json\/wp\/v2\/tags?post=21627"}],"curies":[{"name":"wp","href":"https:\/\/api.w.org\/{rel}","templated":true}]}}