{"id":21618,"date":"2022-04-29T22:20:48","date_gmt":"2022-04-29T20:20:48","guid":{"rendered":"https:\/\/bisbalpenedes.com\/web\/?p=21618"},"modified":"2022-04-29T22:20:48","modified_gmt":"2022-04-29T20:20:48","slug":"lalcaldessa-i-el-regidor-de-festes-i-barris-shan-reunit-amb-les-associacions-de-veins-dels-barris-aquest-divendres","status":"publish","type":"post","link":"https:\/\/bisbalpenedes.com\/web\/2022\/04\/29\/lalcaldessa-i-el-regidor-de-festes-i-barris-shan-reunit-amb-les-associacions-de-veins-dels-barris-aquest-divendres\/","title":{"rendered":"L&#8217;alcaldessa i el regidor de Festes i Barris s&#8217;han reunit amb les associacions de ve\u00efns dels barris aquest divendres"},"content":{"rendered":"\n<p>El regidor de Festes i Barris, Feliu Gil, i l&#8217;alcaldessa de la Bisbal del Pened\u00e8s, Agn\u00e8s Ferr\u00e9, s&#8217;han reunit aquest divendres al vespre amb els representants de les associacions de ve\u00efns per comen\u00e7ar a treballar en les festes d&#8217;estiu que organitzen les diferents entitats.&nbsp;<\/p>\n\n\n\n<p>La reuni\u00f3 ha comen\u00e7at amb un record a l&#8217;Amado Tejedor, que va ser president de l&#8217;Associaci\u00f3 de ve\u00efns i amics del Priorat durant molts anys i que va assistir a la reuni\u00f3 del passat mes de gener. Malauradament, ens ha deixat recentment.<\/p>\n\n\n\n<p>Durant la reuni\u00f3, tamb\u00e9 s&#8217;ha parlat sobre els pressupostos participatius d&#8217;enguany, ja que les votacions estan previstes durant la celebraci\u00f3 de les festes de cada barri, tal com es va fer l&#8217;any passat. A m\u00e9s, s&#8217;ha parlat de les properes actuacions que es faran en els diferents barris: el desbrossament de carrers, l&#8217;arranjament i renovaci\u00f3 dels parcs infantils de Can Gordei, el Priorat i el nucli i la instal\u00b7laci\u00f3 de noves b\u00fasties a La Miralba i La Pineda de Santa Cristina.<\/p>\n\n\n\n<p>La reuni\u00f3 ha comptat amb l&#8217;assist\u00e8ncia de representants de l&#8217;Associaci\u00f3 de ve\u00efns de l&#8217;Esplai, l&#8217;Associaci\u00f3 de ve\u00efns del barri del Priorat, l&#8217;Associaci\u00f3 de ve\u00efns i amics del Priorat, l&#8217;Associaci\u00f3 de propietaris de Can Gordei, la Comissi\u00f3 de festes de Can Gordei, l&#8217;Associaci\u00f3 de ve\u00efns de La Miralba i l&#8217;Associaci\u00f3 de propietaris de La Pineda de Santa Cristina.\u00a0<br><\/p>\n\n\n\n<figure class=\"wp-block-image size-large\"><img loading=\"lazy\" width=\"1024\" height=\"769\" src=\"https:\/\/bisbalpenedes.com\/web\/wp-content\/uploads\/2022\/04\/1948204C-6D83-4028-A7DD-002587891BE7-1024x769.jpeg\" alt=\"\" class=\"wp-image-21619\" srcset=\"https:\/\/bisbalpenedes.com\/web\/wp-content\/uploads\/2022\/04\/1948204C-6D83-4028-A7DD-002587891BE7-1024x769.jpeg 1024w, https:\/\/bisbalpenedes.com\/web\/wp-content\/uploads\/2022\/04\/1948204C-6D83-4028-A7DD-002587891BE7-600x451.jpeg 600w, https:\/\/bisbalpenedes.com\/web\/wp-content\/uploads\/2022\/04\/1948204C-6D83-4028-A7DD-002587891BE7-300x225.jpeg 300w, https:\/\/bisbalpenedes.com\/web\/wp-content\/uploads\/2022\/04\/1948204C-6D83-4028-A7DD-002587891BE7-768x577.jpeg 768w, https:\/\/bisbalpenedes.com\/web\/wp-content\/uploads\/2022\/04\/1948204C-6D83-4028-A7DD-002587891BE7.jpeg 1440w\" sizes=\"(max-width: 1024px) 100vw, 1024px\" \/><\/figure>\n\n\n\n<hr class=\"wp-block-separator\"\/>\n\n\n\n<p>El concejal de Fiestas y Barrios, Feliu Gil, y la alcaldesa de la Bisbal del Pened\u00e8s, Agn\u00e8s Ferr\u00e9, se han reunido este viernes al atardecer con los representantes de las asociaciones de vecinos para empezar a trabajar en las fiestas de verano que organizan las distintas entidades.&nbsp;<\/p>\n\n\n\n<p>La reuni\u00f3n ha empezado con un recuerdo a Amado Tejedor, que fue presidente de la Asociaci\u00f3n de vecinos y amigos del Priorat durante muchos a\u00f1os y que asisti\u00f3 a la reuni\u00f3n del pasado mes de enero. Lamentablemente, nos ha dejado recientemente.<\/p>\n\n\n\n<p>Durante la reuni\u00f3n, tambi\u00e9n se ha hablado sobre los presupuestos participativos de este a\u00f1o, ya que las votaciones est\u00e1n previstas durante la celebraci\u00f3n de las fiestas de cada barrio, tal y como se hizo el a\u00f1o pasado. Adem\u00e1s, se ha hablado de las pr\u00f3ximas actuaciones que se llevar\u00e1n a cabo en los distintos barrios: el desbroce de calles, el arreglo y renovaci\u00f3n de los parques infantiles de Can Gordei, el Priorat y el n\u00facleo y la instalaci\u00f3n de nuevos buzones en La Miralba y La Pineda de Santa Cristina.<\/p>\n\n\n\n<p>La reuni\u00f3n ha ha contado con la asistencia de representantes de la Asociaci\u00f3n de vecinos de l&#8217;Esplai, la Asociaci\u00f3n de vecinos del barrio del Priorat, la Asociaci\u00f3n de vecinos y amigos del Priorat, la Asociaci\u00f3n de propietarios de Can Gordei, la Comisi\u00f3n de fiestas de Can Gordei, la Asociaci\u00f3n de vecinos de La Miralba y la Asociaci\u00f3n de propietarios de la Pineda de Santa Cristina.<\/p>\n","protected":false},"excerpt":{"rendered":"<p>El regidor de Festes i Barris, Feliu Gil, i l&#8217;alcaldessa de la Bisbal del Pened\u00e8s, Agn\u00e8s Ferr\u00e9, s&#8217;han reunit aquest divendres al vespre amb els representants de les associacions de &hellip; <a href=\"https:\/\/bisbalpenedes.com\/web\/2022\/04\/29\/lalcaldessa-i-el-regidor-de-festes-i-barris-shan-reunit-amb-les-associacions-de-veins-dels-barris-aquest-divendres\/\" class=\"more-link\">Read More<\/a><\/p>\n","protected":false},"author":4,"featured_media":21620,"comment_status":"closed","ping_status":"closed","sticky":false,"template":"","format":"standard","meta":[],"categories":[2057,4287,4668,8],"tags":[77,50,393],"_links":{"self":[{"href":"https:\/\/bisbalpenedes.com\/web\/wp-json\/wp\/v2\/posts\/21618"}],"collection":[{"href":"https:\/\/bisbalpenedes.com\/web\/wp-json\/wp\/v2\/posts"}],"about":[{"href":"https:\/\/bisbalpenedes.com\/web\/wp-json\/wp\/v2\/types\/post"}],"author":[{"embeddable":true,"href":"https:\/\/bisbalpenedes.com\/web\/wp-json\/wp\/v2\/users\/4"}],"replies":[{"embeddable":true,"href":"https:\/\/bisbalpenedes.com\/web\/wp-json\/wp\/v2\/comments?post=21618"}],"version-history":[{"count":1,"href":"https:\/\/bisbalpenedes.com\/web\/wp-json\/wp\/v2\/posts\/21618\/revisions"}],"predecessor-version":[{"id":21621,"href":"https:\/\/bisbalpenedes.com\/web\/wp-json\/wp\/v2\/posts\/21618\/revisions\/21621"}],"wp:featuredmedia":[{"embeddable":true,"href":"https:\/\/bisbalpenedes.com\/web\/wp-json\/wp\/v2\/media\/21620"}],"wp:attachment":[{"href":"https:\/\/bisbalpenedes.com\/web\/wp-json\/wp\/v2\/media?parent=21618"}],"wp:term":[{"taxonomy":"category","embeddable":true,"href":"https:\/\/bisbalpenedes.com\/web\/wp-json\/wp\/v2\/categories?post=21618"},{"taxonomy":"post_tag","embeddable":true,"href":"https:\/\/bisbalpenedes.com\/web\/wp-json\/wp\/v2\/tags?post=21618"}],"curies":[{"name":"wp","href":"https:\/\/api.w.org\/{rel}","templated":true}]}}