{"id":21596,"date":"2022-04-27T13:42:12","date_gmt":"2022-04-27T11:42:12","guid":{"rendered":"https:\/\/bisbalpenedes.com\/web\/?p=21596"},"modified":"2022-04-27T20:27:12","modified_gmt":"2022-04-27T18:27:12","slug":"el-proper-dissabte-30-dabril-celebrarem-el-dia-mundial-del-jazz-amb-un-concert-de-lescola-de-musica-al-local-social-del-priorat","status":"publish","type":"post","link":"https:\/\/bisbalpenedes.com\/web\/2022\/04\/27\/el-proper-dissabte-30-dabril-celebrarem-el-dia-mundial-del-jazz-amb-un-concert-de-lescola-de-musica-al-local-social-del-priorat\/","title":{"rendered":"El proper dissabte 30 d&#8217;abril celebrarem el Dia mundial del Jazz amb un concert de l&#8217;Escola de M\u00fasica a la pista del local social del Priorat"},"content":{"rendered":"\n<p>El proper dissabte 30 d&#8217;abril celebrarem el Dia mundial del Jazz!<br>A partir de les 17h podreu gaudir de l&#8217;actuaci\u00f3 que faran diversos alumnes de l&#8217;Escola Municipal de M\u00fasica a la pista exterior del local social del Priorat de la Bisbal.<br>No us la perdeu!<\/p>\n\n\n\n<hr class=\"wp-block-separator\"\/>\n\n\n\n<p><br>\u00a1El pr\u00f3ximo s\u00e1bado 30 de abril celebraremos el D\u00eda mundial del Jazz!<br>A partir de las 17h podr\u00e9is disfrutar de la actuaci\u00f3n que har\u00e1n varios alumnos de la Escuela Municipal de M\u00fasica en la pista exterior del local social del Priorat de la Bisbal.<br>\u00a1No os la perd\u00e1is!<\/p>\n","protected":false},"excerpt":{"rendered":"<p>El proper dissabte 30 d&#8217;abril celebrarem el Dia mundial del Jazz!A partir de les 17h podreu gaudir de l&#8217;actuaci\u00f3 que faran diversos alumnes de l&#8217;Escola Municipal de M\u00fasica a la &hellip; <a href=\"https:\/\/bisbalpenedes.com\/web\/2022\/04\/27\/el-proper-dissabte-30-dabril-celebrarem-el-dia-mundial-del-jazz-amb-un-concert-de-lescola-de-musica-al-local-social-del-priorat\/\" class=\"more-link\">Read More<\/a><\/p>\n","protected":false},"author":4,"featured_media":21597,"comment_status":"closed","ping_status":"closed","sticky":false,"template":"","format":"standard","meta":[],"categories":[2942,3456,8],"tags":[73,5219,5218,359,3790,393,1243,520],"_links":{"self":[{"href":"https:\/\/bisbalpenedes.com\/web\/wp-json\/wp\/v2\/posts\/21596"}],"collection":[{"href":"https:\/\/bisbalpenedes.com\/web\/wp-json\/wp\/v2\/posts"}],"about":[{"href":"https:\/\/bisbalpenedes.com\/web\/wp-json\/wp\/v2\/types\/post"}],"author":[{"embeddable":true,"href":"https:\/\/bisbalpenedes.com\/web\/wp-json\/wp\/v2\/users\/4"}],"replies":[{"embeddable":true,"href":"https:\/\/bisbalpenedes.com\/web\/wp-json\/wp\/v2\/comments?post=21596"}],"version-history":[{"count":2,"href":"https:\/\/bisbalpenedes.com\/web\/wp-json\/wp\/v2\/posts\/21596\/revisions"}],"predecessor-version":[{"id":21601,"href":"https:\/\/bisbalpenedes.com\/web\/wp-json\/wp\/v2\/posts\/21596\/revisions\/21601"}],"wp:featuredmedia":[{"embeddable":true,"href":"https:\/\/bisbalpenedes.com\/web\/wp-json\/wp\/v2\/media\/21597"}],"wp:attachment":[{"href":"https:\/\/bisbalpenedes.com\/web\/wp-json\/wp\/v2\/media?parent=21596"}],"wp:term":[{"taxonomy":"category","embeddable":true,"href":"https:\/\/bisbalpenedes.com\/web\/wp-json\/wp\/v2\/categories?post=21596"},{"taxonomy":"post_tag","embeddable":true,"href":"https:\/\/bisbalpenedes.com\/web\/wp-json\/wp\/v2\/tags?post=21596"}],"curies":[{"name":"wp","href":"https:\/\/api.w.org\/{rel}","templated":true}]}}