{"id":21592,"date":"2022-04-27T10:29:43","date_gmt":"2022-04-27T08:29:43","guid":{"rendered":"https:\/\/bisbalpenedes.com\/web\/?p=21592"},"modified":"2022-04-27T10:29:43","modified_gmt":"2022-04-27T08:29:43","slug":"del-9-al-20-de-maig-es-podran-fer-les-sollicituds-de-preinscripcio-per-a-la-llar-dinfants-municipal-el-dimecres-4-de-maig-es-fara-la-jornada-de-portes-obertes","status":"publish","type":"post","link":"https:\/\/bisbalpenedes.com\/web\/2022\/04\/27\/del-9-al-20-de-maig-es-podran-fer-les-sollicituds-de-preinscripcio-per-a-la-llar-dinfants-municipal-el-dimecres-4-de-maig-es-fara-la-jornada-de-portes-obertes\/","title":{"rendered":"Del 9 al 20 de maig es podran fer les sol\u00b7licituds de preinscripci\u00f3 per a la llar d&#8217;infants municipal &#8211; El dimecres 4 de maig es far\u00e0 la jornada de portes obertes"},"content":{"rendered":"\n<p>Del 9 al 20 de maig es podran fer les sol\u00b7licituds de preinscripci\u00f3 per a la llar d&#8217;infants municipal.El dimecres 4 de maig, a partir de les 17:45h, es far\u00e0 la jornada de portes obertes.Per a m\u00e9s informaci\u00f3 podeu accedir al web: <a rel=\"noreferrer noopener\" href=\"https:\/\/gestor.ebando.co\/www.llardinfantsloreneta.cat\" target=\"_blank\">www.llardinfantsloreneta.cat<\/a><\/p>\n\n\n\n<hr class=\"wp-block-separator\"\/>\n\n\n\n<p>Del 9 al 20 de mayo se podr\u00e1n hacer las solicitudes de preinscripci\u00f3n para la guarder\u00eda municipal.El mi\u00e9rcoles 4 de mayo, a partir de las 17:45h, tendr\u00e1 lugar la jornada de puertas abiertas.Para m\u00e1s informaci\u00f3n pod\u00e9is acceder a la web:<a rel=\"noreferrer noopener\" href=\"https:\/\/gestor.ebando.co\/www.llardinfantsloreneta.cat\" target=\"_blank\">www.llardinfantsloreneta.cat<\/a><\/p>\n\n\n\n<figure class=\"wp-block-image size-large\"><img loading=\"lazy\" width=\"1024\" height=\"1024\" src=\"https:\/\/bisbalpenedes.com\/web\/wp-content\/uploads\/2022\/04\/CURS-20222023-PREINSCRIPCIONS-CAST-1024x1024.png\" alt=\"\" class=\"wp-image-21593\" srcset=\"https:\/\/bisbalpenedes.com\/web\/wp-content\/uploads\/2022\/04\/CURS-20222023-PREINSCRIPCIONS-CAST-1024x1024.png 1024w, https:\/\/bisbalpenedes.com\/web\/wp-content\/uploads\/2022\/04\/CURS-20222023-PREINSCRIPCIONS-CAST-300x300.png 300w, https:\/\/bisbalpenedes.com\/web\/wp-content\/uploads\/2022\/04\/CURS-20222023-PREINSCRIPCIONS-CAST-100x100.png 100w, https:\/\/bisbalpenedes.com\/web\/wp-content\/uploads\/2022\/04\/CURS-20222023-PREINSCRIPCIONS-CAST-600x600.png 600w, https:\/\/bisbalpenedes.com\/web\/wp-content\/uploads\/2022\/04\/CURS-20222023-PREINSCRIPCIONS-CAST-150x150.png 150w, https:\/\/bisbalpenedes.com\/web\/wp-content\/uploads\/2022\/04\/CURS-20222023-PREINSCRIPCIONS-CAST-768x768.png 768w, https:\/\/bisbalpenedes.com\/web\/wp-content\/uploads\/2022\/04\/CURS-20222023-PREINSCRIPCIONS-CAST.png 1080w\" sizes=\"(max-width: 1024px) 100vw, 1024px\" \/><\/figure>\n","protected":false},"excerpt":{"rendered":"<p>Del 9 al 20 de maig es podran fer les sol\u00b7licituds de preinscripci\u00f3 per a la llar d&#8217;infants municipal.El dimecres 4 de maig, a partir de les 17:45h, es far\u00e0 &hellip; <a href=\"https:\/\/bisbalpenedes.com\/web\/2022\/04\/27\/del-9-al-20-de-maig-es-podran-fer-les-sollicituds-de-preinscripcio-per-a-la-llar-dinfants-municipal-el-dimecres-4-de-maig-es-fara-la-jornada-de-portes-obertes\/\" class=\"more-link\">Read More<\/a><\/p>\n","protected":false},"author":4,"featured_media":21594,"comment_status":"closed","ping_status":"closed","sticky":false,"template":"","format":"standard","meta":[],"categories":[16,8],"tags":[459,68,273,393,272,1703,1374,1540,1413],"_links":{"self":[{"href":"https:\/\/bisbalpenedes.com\/web\/wp-json\/wp\/v2\/posts\/21592"}],"collection":[{"href":"https:\/\/bisbalpenedes.com\/web\/wp-json\/wp\/v2\/posts"}],"about":[{"href":"https:\/\/bisbalpenedes.com\/web\/wp-json\/wp\/v2\/types\/post"}],"author":[{"embeddable":true,"href":"https:\/\/bisbalpenedes.com\/web\/wp-json\/wp\/v2\/users\/4"}],"replies":[{"embeddable":true,"href":"https:\/\/bisbalpenedes.com\/web\/wp-json\/wp\/v2\/comments?post=21592"}],"version-history":[{"count":1,"href":"https:\/\/bisbalpenedes.com\/web\/wp-json\/wp\/v2\/posts\/21592\/revisions"}],"predecessor-version":[{"id":21595,"href":"https:\/\/bisbalpenedes.com\/web\/wp-json\/wp\/v2\/posts\/21592\/revisions\/21595"}],"wp:featuredmedia":[{"embeddable":true,"href":"https:\/\/bisbalpenedes.com\/web\/wp-json\/wp\/v2\/media\/21594"}],"wp:attachment":[{"href":"https:\/\/bisbalpenedes.com\/web\/wp-json\/wp\/v2\/media?parent=21592"}],"wp:term":[{"taxonomy":"category","embeddable":true,"href":"https:\/\/bisbalpenedes.com\/web\/wp-json\/wp\/v2\/categories?post=21592"},{"taxonomy":"post_tag","embeddable":true,"href":"https:\/\/bisbalpenedes.com\/web\/wp-json\/wp\/v2\/tags?post=21592"}],"curies":[{"name":"wp","href":"https:\/\/api.w.org\/{rel}","templated":true}]}}