{"id":21583,"date":"2022-04-26T12:55:28","date_gmt":"2022-04-26T10:55:28","guid":{"rendered":"https:\/\/bisbalpenedes.com\/web\/?p=21583"},"modified":"2022-04-26T12:55:28","modified_gmt":"2022-04-26T10:55:28","slug":"se-celebra-la-mesa-de-negociacio-del-personal-i-saprova-la-modificacio-de-loferta-publica","status":"publish","type":"post","link":"https:\/\/bisbalpenedes.com\/web\/2022\/04\/26\/se-celebra-la-mesa-de-negociacio-del-personal-i-saprova-la-modificacio-de-loferta-publica\/","title":{"rendered":"Se celebra la mesa de negociaci\u00f3 del personal i s\u2019aprova la modificaci\u00f3 de l\u2019oferta p\u00fablica"},"content":{"rendered":"\n<p>El passat dijous 21 d\u2019abril es va celebrar la mesa de negociaci\u00f3 del personal municipal. La reuni\u00f3 va comptar amb l\u2019assist\u00e8ncia del representant dels treballadors funcionaris, la secret\u00e0ria municipal, el t\u00e8cnic de l\u2019empresa redactora del pla d\u2019estabilitzaci\u00f3 i l\u2019alcaldessa. La representant del personal laboral i els representants d\u2019UGT van excusar la seva assist\u00e8ncia.<\/p>\n\n\n\n<p>La mesa de negociaci\u00f3 va abordar els seg\u00fcents temes:<\/p>\n\n\n\n<p><strong><u>Modificaci\u00f3 de l\u2019oferta p\u00fablica d\u2019ocupaci\u00f3:<\/u><\/strong> la Junta de Govern del 27 de desembre de 2021 va aprovar l\u2019oferta p\u00fablica per a l\u2019estabilitzaci\u00f3 de l\u2019ocupaci\u00f3 temporal, que s\u2019havia d\u2019aprovar abans de finalitzar l\u2019any 2021. El 29 de desembre de 2021 va sortir publicada al BOE la Llei 20\/2021, del 28 de desembre, de mesures urgents per a la reducci\u00f3 de la temporalitat en l\u2019ocupaci\u00f3 p\u00fablica. La modificaci\u00f3 de l\u2019oferta p\u00fablica de l\u2019ocupaci\u00f3 de la qual es va informar la mesa no suposa cap canvi substancial. Les places a convocar s\u00f3n les mateixes, aix\u00ed com la seva naturalesa i classificaci\u00f3. El que es fa \u00e9s diferenciar les places ocupades amb anterioritat a l\u20191 de gener de 2016 -i que, per tant, s\u2019acullen a la disposici\u00f3 addicional 6a de la Llei 20\/2021 -i les que no.<\/p>\n\n\n\n<p>El dijous 21 d\u2019abril, al migdia, es va aprovar la modificaci\u00f3 per Decret d\u2019alcaldia.<\/p>\n\n\n\n<p><strong><u>Bases generals reguladores dels processos selectius per a la provisi\u00f3 de les places incloses en l\u2019oferta p\u00fablica d\u2019ocupaci\u00f3 per a l\u2019estabilitzaci\u00f3 de l\u2019ocupaci\u00f3 temporal (Llei 20\/2021, del 28 de desembre, de mesures urgents per a la reducci\u00f3 de la temporalitat en l\u2019ocupaci\u00f3 p\u00fablica).<\/u><\/strong> S\u2019informa de la versi\u00f3 definitiva de les bases generals, modificades amb el que es va recollir en la mesa de negociaci\u00f3 del 30 de mar\u00e7. S\u2019aprovaran properament.<\/p>\n\n\n\n<p><strong><u>Bases espec\u00edfiques reguladores del proc\u00e9s selectiu, mitjan\u00e7ant concurs, per a la provisi\u00f3 de 2 places d\u2019auxiliar administratiu\/va (grup C2), en r\u00e8gim de funcionari de carrera, incloses en l\u2019oferta p\u00fablica d\u2019ocupaci\u00f3 per a l\u2019estabilitzaci\u00f3 de l\u2019ocupaci\u00f3 temporal (Llei 20\/2021, del 28 de desembre, de mesures urgents per a la reducci\u00f3 de la temporalitat en l\u2019ocupaci\u00f3 p\u00fablica).<\/u><\/strong> S\u2019informa de la versi\u00f3 definitiva de les bases espec\u00edfiques del proc\u00e9s selectiu mitjan\u00e7ant concurs, modificades amb el que es va recollir en la mesa de negociaci\u00f3 del 30 de mar\u00e7. S\u2019aprovaran properament.<\/p>\n\n\n\n<p><strong><u>Bases espec\u00edfiques reguladores del proc\u00e9s selectiu, mitjan\u00e7ant concurs-oposici\u00f3, per a la provisi\u00f3 de 2 places d\u2019auxiliar administratiu\/va (grup C2), en r\u00e8gim de funcionari de carrera, incloses en l\u2019oferta p\u00fablica d\u2019ocupaci\u00f3 per a l\u2019estabilitzaci\u00f3 de l\u2019ocupaci\u00f3 temporal (Llei 20\/2021, del 28 de desembre, de mesures urgents per a la reducci\u00f3 de la temporalitat en l\u2019ocupaci\u00f3 p\u00fablica).<\/u><\/strong> S\u2019informa de la versi\u00f3 definitiva de les bases espec\u00edfiques del proc\u00e9s selectiu mitjan\u00e7ant concurs-oposici\u00f3, modificades amb el que es va recollir en la mesa de negociaci\u00f3 del 30 de mar\u00e7. S\u2019aprovaran properament.<\/p>\n\n\n\n<p>El gener de 2019 l\u2019alcaldessa de la Bisbal del Pened\u00e8s es va reunir, individualment, amb els treballadors i treballadores municipals per explicar-los la RLT (Relaci\u00f3 de Llocs de Treball), el conveni col\u00b7lectiu i el procediment de la RLT. El mes de mar\u00e7 de 2021 es van fer reunions, tamb\u00e9 individualment, per a l\u2019explicaci\u00f3 de l\u2019oferta p\u00fablica d\u2019ocupaci\u00f3 i la convocat\u00f2ria de places per adequar-les a la RLT. Seguint amb aquestes reunions individualitzades, l\u2019alcaldessa els convocar\u00e0 durant la primera quinzena de maig per explicar-los en qu\u00e8 consisteix el procediment d\u2019estabilitzaci\u00f3 de l\u2019ocupaci\u00f3 temporal, com els afecta i els terminis.<\/p>\n\n\n\n<hr class=\"wp-block-separator\"\/>\n\n\n\n<p><strong>CASTELLANO<\/strong> | El pasado jueves 21 de abril se celebr\u00f3 la mesa de negociaci\u00f3n del personal municipal. La reuni\u00f3n cont\u00f3 con la asistencia del representante de los trabajadores funcionarios, la secretaria municipal, el t\u00e9cnico de la empresa redactora del plan de estabilizaci\u00f3n y la alcaldesa. La representante del personal laboral y los representantes de UGT excusaron su asistencia.<\/p>\n\n\n\n<p>La mesa de negociaci\u00f3n abord\u00f3 los siguientes temas:<\/p>\n\n\n\n<p><strong><u>Modificaci\u00f3n de la oferta p\u00fablica de ocupaci\u00f3n:<\/u><\/strong> la Junta de Gobierno del 27 de diciembre de 2021 aprob\u00f3 la oferta p\u00fablica para la estabilizaci\u00f3n de la ocupaci\u00f3n temporal, que se ten\u00eda que aprobar antes de acabar el a\u00f1o 2021. El 29 de diciembre de 2021 sali\u00f3 publicada en el BOE la Ley 20\/2021, del 28 de diciembre, de medidas urgentes para la reducci\u00f3n de la temporalidad en la ocupaci\u00f3n p\u00fablica. La modificaci\u00f3n de la oferta p\u00fablica de la ocupaci\u00f3n de la que se inform\u00f3 a la mesa no supone ning\u00fan cambio substancial. Las plazas a convocar son las mismas, as\u00ed como su naturaleza y clasificaci\u00f3n. Lo que se hace es diferenciar las plazas ocupadas con anterioridad al 1 de enero de 2016 -y que, por tanto, se acogen a la disposici\u00f3n adicional 6\u00aa de la Ley 20\/2021 -y las que no.<\/p>\n\n\n\n<p>El jueves 21 de abril, a mediod\u00eda, se aprob\u00f3 la modificaci\u00f3n por Decreto de alcald\u00eda.<\/p>\n\n\n\n<p><strong><u>Bases generales, reguladoras de los procesos selectivos para la provisi\u00f3n de plazas incluidas en la oferta p\u00fablica de ocupaci\u00f3n para la estabilizaci\u00f3n de la ocupaci\u00f3n temporal (Ley 20\/2021, del 28 de diciembre, de medidas urgentes para la reducci\u00f3n de la temporalidad en la ocupaci\u00f3n p\u00fablica)<\/u><\/strong>. Se informa de la versi\u00f3n definitiva de las bases generales, modificadas con lo que se recogi\u00f3 en la mesa de negociaci\u00f3n del 30 de marzo. Se aprobar\u00e1n pr\u00f3ximamente.<\/p>\n\n\n\n<p><strong><u>Bases espec\u00edficas reguladoras del proceso selectivo, mediante concurso, para la provisi\u00f3n de 2 plazas de auxiliar administrativo\/va (grupo C2), en r\u00e9gimen de funcionario de carrera, incluidas en la oferta p\u00fablica de ocupaci\u00f3n para la estabilizaci\u00f3n de la ocupaci\u00f3n temporal (Ley 20\/2021, del 28 de diciembre, de medidas urgentes par ala reducci\u00f3n de la temporalidad en la ocupaci\u00f3n p\u00fablica).<\/u><\/strong> Se informa de la versi\u00f3n definitiva de las bases espec\u00edficas del proceso selectivo mediante concurso, modificadas con lo que se recogi\u00f3 en la mesa de negociaci\u00f3n del 30 de marzo. Se aprobar\u00e1n pr\u00f3ximamente.<\/p>\n\n\n\n<p><strong><u>Bases espec\u00edficas reguladoras del proceso selectivo, mediante concurso-oposici\u00f3n, para la provisi\u00f3n de 2 plazas de auxiliar administrativo\/va (grupo C2), en r\u00e9gimen de funcionario de carrera, incluidas en la oferta p\u00fablica de ocupaci\u00f3n para la estabilizaci\u00f3n de la ocupaci\u00f3n temporal (Ley 20\/2021, del 28 de diciembre, de medidas urgentes para la reducci\u00f3n de la temporalidad en la ocupaci\u00f3n p\u00fablica).<\/u><\/strong> Se informa de la versi\u00f3n definitiva de las bases espec\u00edficas del proceso selectivo mediante concurso-oposici\u00f3n, modificadas con lo que se recogi\u00f3 en la mesa de negociaci\u00f3n del 30 de marzo. Se aprobar\u00e1n pr\u00f3ximamente.<\/p>\n\n\n\n<p>En enero de 2019 la alcaldesa de la Bisbal del Pened\u00e8s se reuni\u00f3, individualmente, con los trabajadores y trabajadoras municipales para explicarles la RLT (Relaci\u00f3n de Puestos de Trabajo), el convenio colectivo y el procedimiento de la RLT. En el mes de marzo de 2021 se hicieron reuniones, tambi\u00e9n individualmente, para la explicaci\u00f3n de la oferta p\u00fablica de ocupaci\u00f3n y la convocatoria de plazas para adecuarlas a la RLT. Siguiendo con estas reuniones individualizadas, la alcaldesa los convocar\u00e1 durante la primera quincena de mayo para explicarles en qu\u00e9 consiste el procedimiento de estabilizaci\u00f3n de la ocupaci\u00f3n temporal, como les afecta y los plazos<\/p>\n","protected":false},"excerpt":{"rendered":"<p>El passat dijous 21 d\u2019abril es va celebrar la mesa de negociaci\u00f3 del personal municipal. La reuni\u00f3 va comptar amb l\u2019assist\u00e8ncia del representant dels treballadors funcionaris, la secret\u00e0ria municipal, el &hellip; <a href=\"https:\/\/bisbalpenedes.com\/web\/2022\/04\/26\/se-celebra-la-mesa-de-negociacio-del-personal-i-saprova-la-modificacio-de-loferta-publica\/\" class=\"more-link\">Read More<\/a><\/p>\n","protected":false},"author":4,"featured_media":21585,"comment_status":"closed","ping_status":"closed","sticky":false,"template":"","format":"standard","meta":[],"categories":[2402,8],"tags":[],"_links":{"self":[{"href":"https:\/\/bisbalpenedes.com\/web\/wp-json\/wp\/v2\/posts\/21583"}],"collection":[{"href":"https:\/\/bisbalpenedes.com\/web\/wp-json\/wp\/v2\/posts"}],"about":[{"href":"https:\/\/bisbalpenedes.com\/web\/wp-json\/wp\/v2\/types\/post"}],"author":[{"embeddable":true,"href":"https:\/\/bisbalpenedes.com\/web\/wp-json\/wp\/v2\/users\/4"}],"replies":[{"embeddable":true,"href":"https:\/\/bisbalpenedes.com\/web\/wp-json\/wp\/v2\/comments?post=21583"}],"version-history":[{"count":2,"href":"https:\/\/bisbalpenedes.com\/web\/wp-json\/wp\/v2\/posts\/21583\/revisions"}],"predecessor-version":[{"id":21586,"href":"https:\/\/bisbalpenedes.com\/web\/wp-json\/wp\/v2\/posts\/21583\/revisions\/21586"}],"wp:featuredmedia":[{"embeddable":true,"href":"https:\/\/bisbalpenedes.com\/web\/wp-json\/wp\/v2\/media\/21585"}],"wp:attachment":[{"href":"https:\/\/bisbalpenedes.com\/web\/wp-json\/wp\/v2\/media?parent=21583"}],"wp:term":[{"taxonomy":"category","embeddable":true,"href":"https:\/\/bisbalpenedes.com\/web\/wp-json\/wp\/v2\/categories?post=21583"},{"taxonomy":"post_tag","embeddable":true,"href":"https:\/\/bisbalpenedes.com\/web\/wp-json\/wp\/v2\/tags?post=21583"}],"curies":[{"name":"wp","href":"https:\/\/api.w.org\/{rel}","templated":true}]}}