{"id":21565,"date":"2022-04-21T13:16:21","date_gmt":"2022-04-21T11:16:21","guid":{"rendered":"https:\/\/bisbalpenedes.com\/web\/?p=21565"},"modified":"2022-04-21T13:21:18","modified_gmt":"2022-04-21T11:21:18","slug":"la-regidoria-densenyament-ha-installat-cortines-al-menjador-de-lescola-ull-de-vent","status":"publish","type":"post","link":"https:\/\/bisbalpenedes.com\/web\/2022\/04\/21\/la-regidoria-densenyament-ha-installat-cortines-al-menjador-de-lescola-ull-de-vent\/","title":{"rendered":"La Regidoria d&#8217;Ensenyament ha instal\u00b7lat cortines al menjador de l&#8217;Escola Ull de Vent"},"content":{"rendered":"\n<p>La Regidoria d&#8217;Ensenyament ha instal\u00b7lat cortines, de tipus estor, als finestrals del menjador de l&#8217;Escola Ull de Vent. Aquesta millora permetr\u00e0 que en aquest espai no hi toqui tant el sol i no hi hagi tanta llum en els mesos de calor.<\/p>\n\n\n\n<hr class=\"wp-block-separator\"\/>\n\n\n\n<p><br>La Concejal\u00eda de Educaci\u00f3n ha instalado cortinas, de tipo estor, en los ventanales del comedor de la Escuela Ull de Vent. Esta mejora permitir\u00e1 que en el espacio no toque tanto el sol y que no haya tanta luz en los meses de calor.<\/p>\n","protected":false},"excerpt":{"rendered":"<p>La Regidoria d&#8217;Ensenyament ha instal\u00b7lat cortines, de tipus estor, als finestrals del menjador de l&#8217;Escola Ull de Vent. Aquesta millora permetr\u00e0 que en aquest espai no hi toqui tant el &hellip; <a href=\"https:\/\/bisbalpenedes.com\/web\/2022\/04\/21\/la-regidoria-densenyament-ha-installat-cortines-al-menjador-de-lescola-ull-de-vent\/\" class=\"more-link\">Read More<\/a><\/p>\n","protected":false},"author":4,"featured_media":21568,"comment_status":"closed","ping_status":"closed","sticky":false,"template":"","format":"standard","meta":[],"categories":[16,8],"tags":[2310,862,337,393,336],"_links":{"self":[{"href":"https:\/\/bisbalpenedes.com\/web\/wp-json\/wp\/v2\/posts\/21565"}],"collection":[{"href":"https:\/\/bisbalpenedes.com\/web\/wp-json\/wp\/v2\/posts"}],"about":[{"href":"https:\/\/bisbalpenedes.com\/web\/wp-json\/wp\/v2\/types\/post"}],"author":[{"embeddable":true,"href":"https:\/\/bisbalpenedes.com\/web\/wp-json\/wp\/v2\/users\/4"}],"replies":[{"embeddable":true,"href":"https:\/\/bisbalpenedes.com\/web\/wp-json\/wp\/v2\/comments?post=21565"}],"version-history":[{"count":1,"href":"https:\/\/bisbalpenedes.com\/web\/wp-json\/wp\/v2\/posts\/21565\/revisions"}],"predecessor-version":[{"id":21567,"href":"https:\/\/bisbalpenedes.com\/web\/wp-json\/wp\/v2\/posts\/21565\/revisions\/21567"}],"wp:featuredmedia":[{"embeddable":true,"href":"https:\/\/bisbalpenedes.com\/web\/wp-json\/wp\/v2\/media\/21568"}],"wp:attachment":[{"href":"https:\/\/bisbalpenedes.com\/web\/wp-json\/wp\/v2\/media?parent=21565"}],"wp:term":[{"taxonomy":"category","embeddable":true,"href":"https:\/\/bisbalpenedes.com\/web\/wp-json\/wp\/v2\/categories?post=21565"},{"taxonomy":"post_tag","embeddable":true,"href":"https:\/\/bisbalpenedes.com\/web\/wp-json\/wp\/v2\/tags?post=21565"}],"curies":[{"name":"wp","href":"https:\/\/api.w.org\/{rel}","templated":true}]}}