{"id":21561,"date":"2022-04-20T13:22:45","date_gmt":"2022-04-20T11:22:45","guid":{"rendered":"https:\/\/bisbalpenedes.com\/web\/?p=21561"},"modified":"2022-04-20T13:22:45","modified_gmt":"2022-04-20T11:22:45","slug":"el-dilluns-es-va-celebrar-el-tradicional-aplec-de-dilluns-de-pasqua-a-lermita-de-santa-cristina","status":"publish","type":"post","link":"https:\/\/bisbalpenedes.com\/web\/2022\/04\/20\/el-dilluns-es-va-celebrar-el-tradicional-aplec-de-dilluns-de-pasqua-a-lermita-de-santa-cristina\/","title":{"rendered":"El dilluns es va celebrar el tradicional Aplec de Dilluns de Pasqua a l&#8217;ermita de Santa Cristina"},"content":{"rendered":"\n<p>El passat dilluns va tenir lloc el tradicional Aplec de Dilluns de Pasqua, organitzat des de la Parr\u00f2quia de Santa Maria de la Bisbal i Senderistes Bisbalencs amb la col\u00b7laboraci\u00f3 de l&#8217;Ajuntament.<\/p>\n\n\n\n<p>El temps va acompanyar i, des de Senderistes Bisbalencs, es va tirar endavant una caminada des del nucli de la Bisbal i fins a l&#8217;ermita de Santa Cristina on, a partir de les 12h, va tenir lloc la missa solemne de Pasqua en honor a la santa, la cantada de caramelles a c\u00e0rrec de les corals Antistiana i Santa Maria i la ballada de sardanes. <\/p>\n\n\n\n<hr class=\"wp-block-separator\"\/>\n\n\n\n<p>El pasado unes tuvo lugar el tradicional <em>&#8216;Aplec de Dilluns de Pasqua&#8217;<\/em>, organizado desde la Parroquia de Santa Mar\u00eda de la Bisbal y Senderistes Bisbalencs, con la colaboraci\u00f3n del Ayuntamiento.<\/p>\n\n\n\n<p>El tiempo acompa\u00f1\u00f3 y, desde Senderistes Bisbalencs, se llev\u00f3 a cabo una caminata desde el n\u00facleo de la Bisbal y hasta la ermita de Santa Cristina donde, a partir de las 12h, tuvo lugar la misa solemne de Pascua en honor a la santa, la cantada de<em> caramelles<\/em> a cargo de los coros Antistiana y Santa Mar\u00eda y la danza de la sardana.<\/p>\n","protected":false},"excerpt":{"rendered":"<p>El passat dilluns va tenir lloc el tradicional Aplec de Dilluns de Pasqua, organitzat des de la Parr\u00f2quia de Santa Maria de la Bisbal i Senderistes Bisbalencs amb la col\u00b7laboraci\u00f3 &hellip; <a href=\"https:\/\/bisbalpenedes.com\/web\/2022\/04\/20\/el-dilluns-es-va-celebrar-el-tradicional-aplec-de-dilluns-de-pasqua-a-lermita-de-santa-cristina\/\" class=\"more-link\">Read More<\/a><\/p>\n","protected":false},"author":4,"featured_media":21562,"comment_status":"closed","ping_status":"closed","sticky":false,"template":"","format":"standard","meta":[],"categories":[20,8],"tags":[5215,3705,351,2944,393,622,623],"_links":{"self":[{"href":"https:\/\/bisbalpenedes.com\/web\/wp-json\/wp\/v2\/posts\/21561"}],"collection":[{"href":"https:\/\/bisbalpenedes.com\/web\/wp-json\/wp\/v2\/posts"}],"about":[{"href":"https:\/\/bisbalpenedes.com\/web\/wp-json\/wp\/v2\/types\/post"}],"author":[{"embeddable":true,"href":"https:\/\/bisbalpenedes.com\/web\/wp-json\/wp\/v2\/users\/4"}],"replies":[{"embeddable":true,"href":"https:\/\/bisbalpenedes.com\/web\/wp-json\/wp\/v2\/comments?post=21561"}],"version-history":[{"count":1,"href":"https:\/\/bisbalpenedes.com\/web\/wp-json\/wp\/v2\/posts\/21561\/revisions"}],"predecessor-version":[{"id":21563,"href":"https:\/\/bisbalpenedes.com\/web\/wp-json\/wp\/v2\/posts\/21561\/revisions\/21563"}],"wp:featuredmedia":[{"embeddable":true,"href":"https:\/\/bisbalpenedes.com\/web\/wp-json\/wp\/v2\/media\/21562"}],"wp:attachment":[{"href":"https:\/\/bisbalpenedes.com\/web\/wp-json\/wp\/v2\/media?parent=21561"}],"wp:term":[{"taxonomy":"category","embeddable":true,"href":"https:\/\/bisbalpenedes.com\/web\/wp-json\/wp\/v2\/categories?post=21561"},{"taxonomy":"post_tag","embeddable":true,"href":"https:\/\/bisbalpenedes.com\/web\/wp-json\/wp\/v2\/tags?post=21561"}],"curies":[{"name":"wp","href":"https:\/\/api.w.org\/{rel}","templated":true}]}}