{"id":2156,"date":"2017-03-24T13:11:57","date_gmt":"2017-03-24T07:11:57","guid":{"rendered":"http:\/\/bisbalpenedes.com\/web\/?p=2156"},"modified":"2017-03-24T13:11:57","modified_gmt":"2017-03-24T07:11:57","slug":"aquest-diumenge-hi-ha-concert-al-cmc-amb-les-veus-dalcover","status":"publish","type":"post","link":"https:\/\/bisbalpenedes.com\/web\/2017\/03\/24\/aquest-diumenge-hi-ha-concert-al-cmc-amb-les-veus-dalcover\/","title":{"rendered":"Aquest diumenge hi ha concert al CMC amb Les Veus d&#8217;Alcover."},"content":{"rendered":"<p><a href=\"http:\/\/bisbalpenedes.com\/web\/wp-content\/uploads\/2017\/03\/programa.jpg\"><img loading=\"lazy\" class=\"aligncenter size-medium wp-image-2158\" title=\"programa\" src=\"http:\/\/bisbalpenedes.com\/web\/wp-content\/uploads\/2017\/03\/programa-210x300.jpg\" alt=\"\" width=\"210\" height=\"300\" srcset=\"https:\/\/bisbalpenedes.com\/web\/wp-content\/uploads\/2017\/03\/programa-210x300.jpg 210w, https:\/\/bisbalpenedes.com\/web\/wp-content\/uploads\/2017\/03\/programa-600x855.jpg 600w, https:\/\/bisbalpenedes.com\/web\/wp-content\/uploads\/2017\/03\/programa-718x1024.jpg 718w, https:\/\/bisbalpenedes.com\/web\/wp-content\/uploads\/2017\/03\/programa.jpg 1167w\" sizes=\"(max-width: 210px) 100vw, 210px\" \/><\/a><\/p>\n<p>&nbsp;<\/p>\n<p>Aquest diumenge hi ha concert al CMC amb Les Veus d&#8217;Alcover, amb Josep Maria Gomis al piano i Dolors Ballest\u00e9 com a soprano solista. El concert comen\u00e7ar\u00e0 a les 7 de la tarda i l&#8217;organitza l&#8217;Associaci\u00f3 Cors Antistiana.<\/p>\n<p><a href=\"http:\/\/bisbalpenedes.com\/web\/wp-content\/uploads\/2017\/03\/cartell-les-veus1.jpg\"><img loading=\"lazy\" class=\"aligncenter size-medium wp-image-2159\" title=\"cartell les veus\" src=\"http:\/\/bisbalpenedes.com\/web\/wp-content\/uploads\/2017\/03\/cartell-les-veus1-212x300.jpg\" alt=\"\" width=\"212\" height=\"300\" srcset=\"https:\/\/bisbalpenedes.com\/web\/wp-content\/uploads\/2017\/03\/cartell-les-veus1-212x300.jpg 212w, https:\/\/bisbalpenedes.com\/web\/wp-content\/uploads\/2017\/03\/cartell-les-veus1-600x849.jpg 600w, https:\/\/bisbalpenedes.com\/web\/wp-content\/uploads\/2017\/03\/cartell-les-veus1-723x1024.jpg 723w, https:\/\/bisbalpenedes.com\/web\/wp-content\/uploads\/2017\/03\/cartell-les-veus1.jpg 1653w\" sizes=\"(max-width: 212px) 100vw, 212px\" \/><\/a><\/p>\n<p>&nbsp;<\/p>\n","protected":false},"excerpt":{"rendered":"<p>&nbsp; Aquest diumenge hi ha concert al CMC amb Les Veus d&#8217;Alcover, amb Josep Maria Gomis al piano i Dolors Ballest\u00e9 com a soprano solista. El concert comen\u00e7ar\u00e0 a les &hellip; <a href=\"https:\/\/bisbalpenedes.com\/web\/2017\/03\/24\/aquest-diumenge-hi-ha-concert-al-cmc-amb-les-veus-dalcover\/\" class=\"more-link\">Read More<\/a><\/p>\n","protected":false},"author":4,"featured_media":2157,"comment_status":"closed","ping_status":"closed","sticky":false,"template":"","format":"standard","meta":[],"categories":[13],"tags":[226,73,265],"_links":{"self":[{"href":"https:\/\/bisbalpenedes.com\/web\/wp-json\/wp\/v2\/posts\/2156"}],"collection":[{"href":"https:\/\/bisbalpenedes.com\/web\/wp-json\/wp\/v2\/posts"}],"about":[{"href":"https:\/\/bisbalpenedes.com\/web\/wp-json\/wp\/v2\/types\/post"}],"author":[{"embeddable":true,"href":"https:\/\/bisbalpenedes.com\/web\/wp-json\/wp\/v2\/users\/4"}],"replies":[{"embeddable":true,"href":"https:\/\/bisbalpenedes.com\/web\/wp-json\/wp\/v2\/comments?post=2156"}],"version-history":[{"count":1,"href":"https:\/\/bisbalpenedes.com\/web\/wp-json\/wp\/v2\/posts\/2156\/revisions"}],"predecessor-version":[{"id":2160,"href":"https:\/\/bisbalpenedes.com\/web\/wp-json\/wp\/v2\/posts\/2156\/revisions\/2160"}],"wp:featuredmedia":[{"embeddable":true,"href":"https:\/\/bisbalpenedes.com\/web\/wp-json\/wp\/v2\/media\/2157"}],"wp:attachment":[{"href":"https:\/\/bisbalpenedes.com\/web\/wp-json\/wp\/v2\/media?parent=2156"}],"wp:term":[{"taxonomy":"category","embeddable":true,"href":"https:\/\/bisbalpenedes.com\/web\/wp-json\/wp\/v2\/categories?post=2156"},{"taxonomy":"post_tag","embeddable":true,"href":"https:\/\/bisbalpenedes.com\/web\/wp-json\/wp\/v2\/tags?post=2156"}],"curies":[{"name":"wp","href":"https:\/\/api.w.org\/{rel}","templated":true}]}}