{"id":21550,"date":"2022-04-20T00:03:40","date_gmt":"2022-04-19T22:03:40","guid":{"rendered":"https:\/\/bisbalpenedes.com\/web\/?p=21550"},"modified":"2022-04-20T00:04:35","modified_gmt":"2022-04-19T22:04:35","slug":"quan-es-obligatori-portar-mascareta-a-partir-del-20-dabril","status":"publish","type":"post","link":"https:\/\/bisbalpenedes.com\/web\/2022\/04\/20\/quan-es-obligatori-portar-mascareta-a-partir-del-20-dabril\/","title":{"rendered":"Quan \u00e9s obligatori portar mascareta a partir del 20 d&#8217;abril?"},"content":{"rendered":"\n<p>El Consell de Ministres ha aprovat, aquest dimarts, el Reial Decret pel qual es modifica l\u2019obligatorietat de l\u2019\u00fas de les mascaretes durant la situaci\u00f3 de crisi sanit\u00e0ria per la COVID-19.&nbsp;<\/p>\n\n\n\n<p>Les noves mesures entren en vigor aquest dimecres 20 d\u2019abril.<\/p>\n\n\n\n<p>Es mant\u00e9 l\u2019obligatorietat de l\u2019\u00fas de la mascareta:&nbsp;<\/p>\n\n\n\n<ul><li><strong>Als centres, serveis i establiments sanitaris<\/strong>, per als treballadors i visitants. No ser\u00e0 obligat\u00f2ria per a les persones ingressades que romanguin a la seva habitaci\u00f3.<\/li><li><strong>Els entorns sociosanitaris i les resid\u00e8ncies de la gent gran<\/strong> per als treballadors i visitants.<\/li><li><strong>Als mitjans de transport p\u00fablics<\/strong>. A les andanes i estacions no ser\u00e0 obligatori.<\/li><\/ul>\n\n\n\n<p>Excepcions: <\/p>\n\n\n\n<ul><li>Persones que presentin alguna mena de malaltia o dificultat respirat\u00f2ria que pugui veure\u2019s agreujada per l\u2019\u00fas de la mascareta o que, per la seva situaci\u00f3 de discapacitat o depend\u00e8ncia, no disposin d\u2019autonomia per treure\u2019s la mascareta o b\u00e9 presentin alteracions de conducta que facin inviable el seu \u00fas.<\/li><li>En el cas que, per la naturalesa de les activitats, l\u2019\u00fas de la mascareta resulti incompatible, d\u2019acord amb les indicacions de les autoritats sanit\u00e0ries.<\/li><\/ul>\n\n\n\n<p><strong>Quant a l\u2019entorn laboral, <\/strong>generalment no ser\u00e0 obligatori l\u2019\u00fas de la mascareta. No obstant aix\u00f2, els responsables en mat\u00e8ria de prevenci\u00f3 de riscos laborals podrien determinar les mesures preventives adequades a implantar al lloc de treball o en determinats espais dels centres de treball, incl\u00f2s l\u2019\u00fas de mascaretes. S\u00ed que ser\u00e0 obligatori portar mascareta als centres de salut, centres de transfusi\u00f3 i farm\u00e0cies.<\/p>\n\n\n\n<p><strong>Es recomana un \u00fas responsable de la mascareta <\/strong>als espais tancats d\u2019\u00fas p\u00fablic si s\u2019hi ha de romandre durant molta estona i en esdeveniments multitudinaris. Tamb\u00e9 es recomana l\u2019\u00fas de la mascareta en el cas de persones de gran vulnerabilitat davant la infecci\u00f3 per la COVID-19, si es relacionen amb persones a menys d\u20191,5 metres de dist\u00e0ncia.<\/p>\n\n\n\n<figure class=\"wp-block-image size-large\"><img loading=\"lazy\" width=\"1024\" height=\"1024\" src=\"https:\/\/bisbalpenedes.com\/web\/wp-content\/uploads\/2022\/04\/1-1-1024x1024.png\" alt=\"\" class=\"wp-image-21552\" srcset=\"https:\/\/bisbalpenedes.com\/web\/wp-content\/uploads\/2022\/04\/1-1-1024x1024.png 1024w, https:\/\/bisbalpenedes.com\/web\/wp-content\/uploads\/2022\/04\/1-1-300x300.png 300w, https:\/\/bisbalpenedes.com\/web\/wp-content\/uploads\/2022\/04\/1-1-100x100.png 100w, https:\/\/bisbalpenedes.com\/web\/wp-content\/uploads\/2022\/04\/1-1-600x600.png 600w, https:\/\/bisbalpenedes.com\/web\/wp-content\/uploads\/2022\/04\/1-1-150x150.png 150w, https:\/\/bisbalpenedes.com\/web\/wp-content\/uploads\/2022\/04\/1-1-768x768.png 768w, https:\/\/bisbalpenedes.com\/web\/wp-content\/uploads\/2022\/04\/1-1-1536x1536.png 1536w, https:\/\/bisbalpenedes.com\/web\/wp-content\/uploads\/2022\/04\/1-1.png 1620w\" sizes=\"(max-width: 1024px) 100vw, 1024px\" \/><\/figure>\n\n\n\n<hr class=\"wp-block-separator\"\/>\n\n\n\n<p><strong>CASTELLANO |<\/strong> El consejo de ministros ha aprobado, este martes, el Real Decreto por el cual se modifica la obligatoriedad del uso de las mascarillas durante la situaci\u00f3n de crisis sanitaria por la COVID-19.<\/p>\n\n\n\n<p>Las nuevas medidas entran en vigor este mi\u00e9rcoles 20 de abril.<\/p>\n\n\n\n<p>Se mantiene la obligatoriedad del uso de la mascarilla:<\/p>\n\n\n\n<ul><li>En los centros, servicios y establecimientos sanitarios, para los trabajadores y visitantes. No ser\u00e1 obligatoria para las personas ingresadas que permanezcan en su habitaci\u00f3n.<\/li><li>En entornos sociosanitarios y las residencias de la gente mayor para los trabajadores y visitantes.<\/li><li>En los medios de transporte p\u00fablicos. En los andenes y estaciones no ser\u00e1 obligatorio.<\/li><\/ul>\n\n\n\n<p><strong>Excepciones:<\/strong> <\/p>\n\n\n\n<ul><li>Personas que presenten alg\u00fan tipo de enfermedad o dificultad respiratoria que pueda verse agravada por el uso de la mascarilla o que, por su situaci\u00f3n de discapacidad o dependencia, no dispongan de autonom\u00eda para sacarse la mascarilla o bien presenten alteraciones de conducta que hagan inviable su uso.<\/li><li>En el caso que, por la propia naturaleza de las actividades, el uso de la mascarilla resulte incompatible, con arreglo a las indicaciones de las autoridades sanitarias.<\/li><\/ul>\n\n\n\n<p><strong>En cuanto al entorno laboral, <\/strong>generalmente no ser\u00e1 obligatorio el uso de la mascarilla. No obstante, los responsables en materia de prevenci\u00f3n de riesgos laborales podr\u00edan determinar las medidas preventivas adecuadas a implantar en el puesto de trabajo o en determinados espacios de los centros de trabajo, incluido el uso de mascarillas. S\u00ed que ser\u00e1 obligatorio llevar mascarilla en los centros de salud, centros de transfusi\u00f3n y farmacias.<\/p>\n\n\n\n<p><strong>Se recomienda el uso responsable de la mascarilla <\/strong>en los espacios cerrados de uso p\u00fablico si se tiene que permanecer all\u00ed durante mucho rato y en eventos multitudinarios. Tambi\u00e9n se recomienda el uso de la mascarilla en el caso de personas de gran vulnerabilidad ante la infecci\u00f3n por la COVID-19, si se relacionan con personas a menos de 1,5 metros de distancia.<\/p>\n\n\n\n<figure class=\"wp-block-image size-large\"><img loading=\"lazy\" width=\"1024\" height=\"1024\" src=\"https:\/\/bisbalpenedes.com\/web\/wp-content\/uploads\/2022\/04\/2-1-1024x1024.png\" alt=\"\" class=\"wp-image-21553\" srcset=\"https:\/\/bisbalpenedes.com\/web\/wp-content\/uploads\/2022\/04\/2-1-1024x1024.png 1024w, https:\/\/bisbalpenedes.com\/web\/wp-content\/uploads\/2022\/04\/2-1-300x300.png 300w, https:\/\/bisbalpenedes.com\/web\/wp-content\/uploads\/2022\/04\/2-1-100x100.png 100w, https:\/\/bisbalpenedes.com\/web\/wp-content\/uploads\/2022\/04\/2-1-600x600.png 600w, https:\/\/bisbalpenedes.com\/web\/wp-content\/uploads\/2022\/04\/2-1-150x150.png 150w, https:\/\/bisbalpenedes.com\/web\/wp-content\/uploads\/2022\/04\/2-1-768x768.png 768w, https:\/\/bisbalpenedes.com\/web\/wp-content\/uploads\/2022\/04\/2-1-1536x1536.png 1536w, https:\/\/bisbalpenedes.com\/web\/wp-content\/uploads\/2022\/04\/2-1.png 1620w\" sizes=\"(max-width: 1024px) 100vw, 1024px\" \/><\/figure>\n","protected":false},"excerpt":{"rendered":"<p>El Consell de Ministres ha aprovat, aquest dimarts, el Reial Decret pel qual es modifica l\u2019obligatorietat de l\u2019\u00fas de les mascaretes durant la situaci\u00f3 de crisi sanit\u00e0ria per la COVID-19.&nbsp; &hellip; <a href=\"https:\/\/bisbalpenedes.com\/web\/2022\/04\/20\/quan-es-obligatori-portar-mascareta-a-partir-del-20-dabril\/\" class=\"more-link\">Read More<\/a><\/p>\n","protected":false},"author":4,"featured_media":21555,"comment_status":"closed","ping_status":"closed","sticky":false,"template":"","format":"standard","meta":[],"categories":[3636,4095,8,14],"tags":[459,3550,3559,393,4096,1374,145,28],"_links":{"self":[{"href":"https:\/\/bisbalpenedes.com\/web\/wp-json\/wp\/v2\/posts\/21550"}],"collection":[{"href":"https:\/\/bisbalpenedes.com\/web\/wp-json\/wp\/v2\/posts"}],"about":[{"href":"https:\/\/bisbalpenedes.com\/web\/wp-json\/wp\/v2\/types\/post"}],"author":[{"embeddable":true,"href":"https:\/\/bisbalpenedes.com\/web\/wp-json\/wp\/v2\/users\/4"}],"replies":[{"embeddable":true,"href":"https:\/\/bisbalpenedes.com\/web\/wp-json\/wp\/v2\/comments?post=21550"}],"version-history":[{"count":2,"href":"https:\/\/bisbalpenedes.com\/web\/wp-json\/wp\/v2\/posts\/21550\/revisions"}],"predecessor-version":[{"id":21556,"href":"https:\/\/bisbalpenedes.com\/web\/wp-json\/wp\/v2\/posts\/21550\/revisions\/21556"}],"wp:featuredmedia":[{"embeddable":true,"href":"https:\/\/bisbalpenedes.com\/web\/wp-json\/wp\/v2\/media\/21555"}],"wp:attachment":[{"href":"https:\/\/bisbalpenedes.com\/web\/wp-json\/wp\/v2\/media?parent=21550"}],"wp:term":[{"taxonomy":"category","embeddable":true,"href":"https:\/\/bisbalpenedes.com\/web\/wp-json\/wp\/v2\/categories?post=21550"},{"taxonomy":"post_tag","embeddable":true,"href":"https:\/\/bisbalpenedes.com\/web\/wp-json\/wp\/v2\/tags?post=21550"}],"curies":[{"name":"wp","href":"https:\/\/api.w.org\/{rel}","templated":true}]}}