{"id":21542,"date":"2022-04-19T20:44:40","date_gmt":"2022-04-19T18:44:40","guid":{"rendered":"https:\/\/bisbalpenedes.com\/web\/?p=21542"},"modified":"2022-04-19T20:46:07","modified_gmt":"2022-04-19T18:46:07","slug":"lalcaldessa-ha-felicitat-la-maria-bundo-sendra-pel-seu-100e-aniversari-en-lactualitat-es-la-persona-mes-gran-del-municipi","status":"publish","type":"post","link":"https:\/\/bisbalpenedes.com\/web\/2022\/04\/19\/lalcaldessa-ha-felicitat-la-maria-bundo-sendra-pel-seu-100e-aniversari-en-lactualitat-es-la-persona-mes-gran-del-municipi\/","title":{"rendered":"L&#8217;alcaldessa ha felicitat la Maria Bund\u00f3 Sendra pel seu 100\u00e8 aniversari &#8211; En l&#8217;actualitat \u00e9s la persona m\u00e9s gran del municipi"},"content":{"rendered":"\n<p>El passat diumenge de Pasqua, la bisbalenca Maria Bund\u00f3 Sendra va rebre la visita de l&#8217;alcaldessa de la Bisbal del Pened\u00e8s, Agn\u00e8s Ferr\u00e9, i de la primera tinenta d&#8217;alcaldia, Judith Vidal, a casa seva. L&#8217;objectiu de la trobada era felicitar aquesta bisbalenca pel seu centenari.<\/p>\n\n\n\n<p>La Maria va n\u00e9ixer el 12 d&#8217;abril de 1922 a La Bisbal del Pened\u00e8s i, en l&#8217;actualitat, \u00e9s la persona de m\u00e9s edat del municipi. Amb un bon estat de salut i, sempre, amb un somriure, va rebre un senzill per\u00f2 emotiu homenatge per part de l&#8217;alcaldessa i la primera tinenta d&#8217;alcaldia -en pres\u00e8ncia del seu fill, la seva neta i altres membres de la fam\u00edlia- que va consistir en l&#8217;entrega d&#8217;un diploma commemoratiu i d&#8217;un ram de flors per recordar la important efem\u00e8ride.<\/p>\n\n\n\n<p>La Maria es va mostrar emocionada per l&#8217;atenci\u00f3 rebuda, malgrat que no ha pogut fer una gran celebraci\u00f3 per evitar riscos relacionats amb la pand\u00e8mia de COVID-19. Tot i aix\u00f2, va revelar el secret d&#8217;haver arribat a complir els 100 anys: <em>&#8220;descansar b\u00e9 i deixar-se cuidar despr\u00e9s d&#8217;una vida entregada a la seva fam\u00edlia&#8221;.<\/em><\/p>\n\n\n\n<hr class=\"wp-block-separator\"\/>\n\n\n\n<p>El pasado domingo de Pascua, la bisbalenca Maria Bund\u00f3 Sendra recibi\u00f3 la visita de la alcaldesa de la Bisbal del Pened\u00e8s, Agn\u00e8s Ferr\u00e9, y de la primera tenienta de alcald\u00eda, Judith Vidal, en su casa. El objetivo de la reuni\u00f3n era felicitar a esta bisbalenca por su centenario.<\/p>\n\n\n\n<p>Maria naci\u00f3 el 12 de abril de 1922 en La Bisbal del Pened\u00e8s y, en la actualidad, es la persona de m\u00e1s edad del municipio. Con un buen estado de salud y, siempre, con una sonrisa, recibi\u00f3 un sencillo pero emotivo homenaje por parte de la alcaldesa y la primera tenienta de alcald\u00eda -en presencia de su hijo, su nieta y otros miembros de la familia- que consisti\u00f3 en la entrega de un diploma conmemorativo y de un ramo de flores para recordar la importante efem\u00e9ride.<\/p>\n\n\n\n<p>Mar\u00eda se mostr\u00f3 emocionada por la atenci\u00f3n recibida, aunque no haya podido hacer una gran celebraci\u00f3n para evitar riesgos relacionados con la pandemia de COVID-19. Aun as\u00ed, desvel\u00f3 el secreto de haber llegado a cumplir 100 a\u00f1os: <em>&#8220;descansar bien y dejarse cuidar despu\u00e9s de una vida entregada a su familia<\/em>&#8220;.<\/p>\n\n\n\n<figure class=\"wp-block-image size-large\"><img loading=\"lazy\" width=\"1024\" height=\"1024\" src=\"https:\/\/bisbalpenedes.com\/web\/wp-content\/uploads\/2022\/04\/MARIA-BUNDO-SENDRA-BISBALENCA-CENTENA\u0300RIA-1024x1024.png\" alt=\"\" class=\"wp-image-21546\" srcset=\"https:\/\/bisbalpenedes.com\/web\/wp-content\/uploads\/2022\/04\/MARIA-BUNDO-SENDRA-BISBALENCA-CENTENA\u0300RIA-1024x1024.png 1024w, https:\/\/bisbalpenedes.com\/web\/wp-content\/uploads\/2022\/04\/MARIA-BUNDO-SENDRA-BISBALENCA-CENTENA\u0300RIA-300x300.png 300w, https:\/\/bisbalpenedes.com\/web\/wp-content\/uploads\/2022\/04\/MARIA-BUNDO-SENDRA-BISBALENCA-CENTENA\u0300RIA-100x100.png 100w, https:\/\/bisbalpenedes.com\/web\/wp-content\/uploads\/2022\/04\/MARIA-BUNDO-SENDRA-BISBALENCA-CENTENA\u0300RIA-600x600.png 600w, https:\/\/bisbalpenedes.com\/web\/wp-content\/uploads\/2022\/04\/MARIA-BUNDO-SENDRA-BISBALENCA-CENTENA\u0300RIA-150x150.png 150w, https:\/\/bisbalpenedes.com\/web\/wp-content\/uploads\/2022\/04\/MARIA-BUNDO-SENDRA-BISBALENCA-CENTENA\u0300RIA-768x768.png 768w, https:\/\/bisbalpenedes.com\/web\/wp-content\/uploads\/2022\/04\/MARIA-BUNDO-SENDRA-BISBALENCA-CENTENA\u0300RIA.png 1080w\" sizes=\"(max-width: 1024px) 100vw, 1024px\" \/><\/figure>\n","protected":false},"excerpt":{"rendered":"<p>El passat diumenge de Pasqua, la bisbalenca Maria Bund\u00f3 Sendra va rebre la visita de l&#8217;alcaldessa de la Bisbal del Pened\u00e8s, Agn\u00e8s Ferr\u00e9, i de la primera tinenta d&#8217;alcaldia, Judith &hellip; <a href=\"https:\/\/bisbalpenedes.com\/web\/2022\/04\/19\/lalcaldessa-ha-felicitat-la-maria-bundo-sendra-pel-seu-100e-aniversari-en-lactualitat-es-la-persona-mes-gran-del-municipi\/\" class=\"more-link\">Read More<\/a><\/p>\n","protected":false},"author":4,"featured_media":21543,"comment_status":"closed","ping_status":"closed","sticky":false,"template":"","format":"standard","meta":[],"categories":[2057,8],"tags":[4208,1151,2092,1949,5214,593,1774,393,5213],"_links":{"self":[{"href":"https:\/\/bisbalpenedes.com\/web\/wp-json\/wp\/v2\/posts\/21542"}],"collection":[{"href":"https:\/\/bisbalpenedes.com\/web\/wp-json\/wp\/v2\/posts"}],"about":[{"href":"https:\/\/bisbalpenedes.com\/web\/wp-json\/wp\/v2\/types\/post"}],"author":[{"embeddable":true,"href":"https:\/\/bisbalpenedes.com\/web\/wp-json\/wp\/v2\/users\/4"}],"replies":[{"embeddable":true,"href":"https:\/\/bisbalpenedes.com\/web\/wp-json\/wp\/v2\/comments?post=21542"}],"version-history":[{"count":5,"href":"https:\/\/bisbalpenedes.com\/web\/wp-json\/wp\/v2\/posts\/21542\/revisions"}],"predecessor-version":[{"id":21549,"href":"https:\/\/bisbalpenedes.com\/web\/wp-json\/wp\/v2\/posts\/21542\/revisions\/21549"}],"wp:featuredmedia":[{"embeddable":true,"href":"https:\/\/bisbalpenedes.com\/web\/wp-json\/wp\/v2\/media\/21543"}],"wp:attachment":[{"href":"https:\/\/bisbalpenedes.com\/web\/wp-json\/wp\/v2\/media?parent=21542"}],"wp:term":[{"taxonomy":"category","embeddable":true,"href":"https:\/\/bisbalpenedes.com\/web\/wp-json\/wp\/v2\/categories?post=21542"},{"taxonomy":"post_tag","embeddable":true,"href":"https:\/\/bisbalpenedes.com\/web\/wp-json\/wp\/v2\/tags?post=21542"}],"curies":[{"name":"wp","href":"https:\/\/api.w.org\/{rel}","templated":true}]}}