{"id":21539,"date":"2022-04-19T14:18:36","date_gmt":"2022-04-19T12:18:36","guid":{"rendered":"https:\/\/bisbalpenedes.com\/web\/?p=21539"},"modified":"2022-04-19T14:18:36","modified_gmt":"2022-04-19T12:18:36","slug":"avis-per-vent-per-al-dimecres-20-dabril-de-2022","status":"publish","type":"post","link":"https:\/\/bisbalpenedes.com\/web\/2022\/04\/19\/avis-per-vent-per-al-dimecres-20-dabril-de-2022\/","title":{"rendered":"Av\u00eds per vent per al dimecres 20 d&#8217;abril de 2022"},"content":{"rendered":"\n<p>Protecci\u00f3 Civil ha em\u00e8s un av\u00eds perqu\u00e8 el Servei Meteorol\u00f2gic de Catalunya ha alertat que dem\u00e0 dimecres bufar\u00e0 vent fort, de component est, que podria superar els 72 km\/h. Per aquest motiu s&#8217;ha activat la prealerta del pla Ventcat. Extremeu les precaucions.<\/p>\n\n\n\n<hr class=\"wp-block-separator\"\/>\n\n\n\n<p>Protecci\u00f3n Civil ha emitido un aviso porque el Servicio Meteorol\u00f3gico de Catalu\u00f1a ha alertado de que ma\u00f1ana mi\u00e9rcoles soplar\u00e1 viento fuerte, de componente este, que podr\u00eda superar los 72 km\/h. Por este motivo se ha activado la prealerta del plan Ventcat. Extremad las precauciones.<\/p>\n\n\n\n<p><\/p>\n","protected":false},"excerpt":{"rendered":"<p>Protecci\u00f3 Civil ha em\u00e8s un av\u00eds perqu\u00e8 el Servei Meteorol\u00f2gic de Catalunya ha alertat que dem\u00e0 dimecres bufar\u00e0 vent fort, de component est, que podria superar els 72 km\/h. Per &hellip; <a href=\"https:\/\/bisbalpenedes.com\/web\/2022\/04\/19\/avis-per-vent-per-al-dimecres-20-dabril-de-2022\/\" class=\"more-link\">Read More<\/a><\/p>\n","protected":false},"author":4,"featured_media":21540,"comment_status":"closed","ping_status":"closed","sticky":false,"template":"","format":"standard","meta":[],"categories":[1628,2543,8],"tags":[3539,393,2050,1187,4318],"_links":{"self":[{"href":"https:\/\/bisbalpenedes.com\/web\/wp-json\/wp\/v2\/posts\/21539"}],"collection":[{"href":"https:\/\/bisbalpenedes.com\/web\/wp-json\/wp\/v2\/posts"}],"about":[{"href":"https:\/\/bisbalpenedes.com\/web\/wp-json\/wp\/v2\/types\/post"}],"author":[{"embeddable":true,"href":"https:\/\/bisbalpenedes.com\/web\/wp-json\/wp\/v2\/users\/4"}],"replies":[{"embeddable":true,"href":"https:\/\/bisbalpenedes.com\/web\/wp-json\/wp\/v2\/comments?post=21539"}],"version-history":[{"count":1,"href":"https:\/\/bisbalpenedes.com\/web\/wp-json\/wp\/v2\/posts\/21539\/revisions"}],"predecessor-version":[{"id":21541,"href":"https:\/\/bisbalpenedes.com\/web\/wp-json\/wp\/v2\/posts\/21539\/revisions\/21541"}],"wp:featuredmedia":[{"embeddable":true,"href":"https:\/\/bisbalpenedes.com\/web\/wp-json\/wp\/v2\/media\/21540"}],"wp:attachment":[{"href":"https:\/\/bisbalpenedes.com\/web\/wp-json\/wp\/v2\/media?parent=21539"}],"wp:term":[{"taxonomy":"category","embeddable":true,"href":"https:\/\/bisbalpenedes.com\/web\/wp-json\/wp\/v2\/categories?post=21539"},{"taxonomy":"post_tag","embeddable":true,"href":"https:\/\/bisbalpenedes.com\/web\/wp-json\/wp\/v2\/tags?post=21539"}],"curies":[{"name":"wp","href":"https:\/\/api.w.org\/{rel}","templated":true}]}}