{"id":21533,"date":"2022-04-19T13:55:16","date_gmt":"2022-04-19T11:55:16","guid":{"rendered":"https:\/\/bisbalpenedes.com\/web\/?p=21533"},"modified":"2022-04-19T13:55:16","modified_gmt":"2022-04-19T11:55:16","slug":"el-divendres-22-dabril-de-2022-es-festiu-a-la-bisbal-del-penedes","status":"publish","type":"post","link":"https:\/\/bisbalpenedes.com\/web\/2022\/04\/19\/el-divendres-22-dabril-de-2022-es-festiu-a-la-bisbal-del-penedes\/","title":{"rendered":"El divendres 22 d&#8217;abril de 2022 \u00e9s festiu a la Bisbal del Pened\u00e8s"},"content":{"rendered":"\n<p>Us recordem que el divendres 22 d&#8217;abril \u00e9s festa local a La Bisbal del Pened\u00e8s. Per aquest motiu, les oficines municipals i a Biblioteca p\u00fablica de la Bisbal del Pened\u00e8s romandran tancats.<\/p>\n\n\n\n<hr class=\"wp-block-separator\"\/>\n\n\n\n<p>Os recordamos que el viernes 22 de abril es fiesta local en La Bisbal del Pened\u00e8s. Por este motivo, las oficinas municipales y la Biblioteca p\u00fablica de la Bisbal del Pened\u00e8s permanecer\u00e1n cerradas.<\/p>\n","protected":false},"excerpt":{"rendered":"<p>Us recordem que el divendres 22 d&#8217;abril \u00e9s festa local a La Bisbal del Pened\u00e8s. Per aquest motiu, les oficines municipals i a Biblioteca p\u00fablica de la Bisbal del Pened\u00e8s &hellip; <a href=\"https:\/\/bisbalpenedes.com\/web\/2022\/04\/19\/el-divendres-22-dabril-de-2022-es-festiu-a-la-bisbal-del-penedes\/\" class=\"more-link\">Read More<\/a><\/p>\n","protected":false},"author":4,"featured_media":21534,"comment_status":"closed","ping_status":"closed","sticky":false,"template":"","format":"standard","meta":[],"categories":[1628,8],"tags":[459,3001,3968,393,64],"_links":{"self":[{"href":"https:\/\/bisbalpenedes.com\/web\/wp-json\/wp\/v2\/posts\/21533"}],"collection":[{"href":"https:\/\/bisbalpenedes.com\/web\/wp-json\/wp\/v2\/posts"}],"about":[{"href":"https:\/\/bisbalpenedes.com\/web\/wp-json\/wp\/v2\/types\/post"}],"author":[{"embeddable":true,"href":"https:\/\/bisbalpenedes.com\/web\/wp-json\/wp\/v2\/users\/4"}],"replies":[{"embeddable":true,"href":"https:\/\/bisbalpenedes.com\/web\/wp-json\/wp\/v2\/comments?post=21533"}],"version-history":[{"count":1,"href":"https:\/\/bisbalpenedes.com\/web\/wp-json\/wp\/v2\/posts\/21533\/revisions"}],"predecessor-version":[{"id":21535,"href":"https:\/\/bisbalpenedes.com\/web\/wp-json\/wp\/v2\/posts\/21533\/revisions\/21535"}],"wp:featuredmedia":[{"embeddable":true,"href":"https:\/\/bisbalpenedes.com\/web\/wp-json\/wp\/v2\/media\/21534"}],"wp:attachment":[{"href":"https:\/\/bisbalpenedes.com\/web\/wp-json\/wp\/v2\/media?parent=21533"}],"wp:term":[{"taxonomy":"category","embeddable":true,"href":"https:\/\/bisbalpenedes.com\/web\/wp-json\/wp\/v2\/categories?post=21533"},{"taxonomy":"post_tag","embeddable":true,"href":"https:\/\/bisbalpenedes.com\/web\/wp-json\/wp\/v2\/tags?post=21533"}],"curies":[{"name":"wp","href":"https:\/\/api.w.org\/{rel}","templated":true}]}}