{"id":21524,"date":"2022-04-14T04:27:45","date_gmt":"2022-04-14T02:27:45","guid":{"rendered":"https:\/\/bisbalpenedes.com\/web\/?p=21524"},"modified":"2022-04-14T04:27:45","modified_gmt":"2022-04-14T02:27:45","slug":"lajuntament-de-la-bisbal-del-penedes-ratifica-les-allegacions-contra-el-projecte-de-lestesa-de-27-torres-dalta-tensio-mat-al-municipi","status":"publish","type":"post","link":"https:\/\/bisbalpenedes.com\/web\/2022\/04\/14\/lajuntament-de-la-bisbal-del-penedes-ratifica-les-allegacions-contra-el-projecte-de-lestesa-de-27-torres-dalta-tensio-mat-al-municipi\/","title":{"rendered":"L\u2019Ajuntament de la Bisbal del Pened\u00e8s ratifica les al\u00b7legacions contra el projecte de l\u2019estesa de 27 torres d\u2019alta tensi\u00f3 (MAT) al municipi"},"content":{"rendered":"\n<p>La Junta de Govern de l\u201911 de mar\u00e7 ha aprovat desestimar l\u2019informe d\u2019al\u00b7legacions que l\u2019empresa Energ\u00edas renovables de Ormonde SL, ha presentat en relaci\u00f3 amb les al\u00b7legacions que l\u2019Ajuntament de la Bisbal del Pened\u00e8s va acordar, contra la MAT, en la Junta de Govern del setembre de 2021.<\/p>\n\n\n\n<p>El juliol de 2021, l\u2019Ajuntament de la Bisbal del Pened\u00e8s va rebre l\u2019anunci mitjan\u00e7ant el qual s\u2019informava que se sotmetia a informaci\u00f3 p\u00fablica el projecte per construir un conjunt de parcs e\u00f2lics a l\u2019Arag\u00f3 i la corresponent infraestructura per transportar energia produ\u00efda a trav\u00e9s d\u2019una l\u00ednia de molt alta tensi\u00f3 (MAT) que travessaria diferents comarques i passaria pel municipi de La Bisbal del Pened\u00e8s amb l\u2019objectiu de portar energia a l\u2019\u00e0rea metropolitana de Barcelona.&nbsp; El projecte preveia l\u2019estesa de 9.833,39 metres de l\u00ednia corrent trif\u00e0sica a\u00e8ria a trav\u00e9s de 27 torres (de fins a 70 metres d\u2019al\u00e7ada) a la Bisbal del Pened\u00e8s.<\/p>\n\n\n\n<p>L\u2019Ajuntament de la Bisbal del Pened\u00e8s es va oposar a aquest projecte i va aprovar, en la Junta de Govern de setembre, presentar al\u00b7legacions informant desfavorablement al projecte de la MAT Cl\u00faster Begues que promou l\u2019empresa Forestalia. Les al\u00b7legacions es van presentar basant-se en informes t\u00e8cnics, jur\u00eddics i mediambientals, preparats per t\u00e8cnics contractats per part de tots els ajuntaments i consells comarcals afectats per la MAT, i tenint en compte tamb\u00e9 l\u2019informe de l\u2019enginyer municipal. Paral\u00b7lelament, es van recollir m\u00e9s de 450 al\u00b7legacions del conjunt de la ciutadania.<\/p>\n\n\n\n<p>El passat 29 de mar\u00e7 de 2022, la Subdelegaci\u00f3 del Govern de Barcelona va entrar al registre de l\u2019Ajuntament les al\u00b7legacions de l\u2019empresa Energ\u00edas renovables de Ormonde SL., en relaci\u00f3 amb les al\u00b7legacions que l\u2019Ajuntament va presentar contra la MAT a la Junta de Govern de setembre de 2021. La Subdelegaci\u00f3 donava un termini de 15 dies a l\u2019Ajuntament de la Bisbal del Pened\u00e8s per realitzar les consideracions que es tinguessin per convenients i, per aquest motiu, la Junta de Govern del dia 11 de mar\u00e7 ha aprovat desestimar l\u2019informe entrat a registre el 29 de mar\u00e7 i, conseq\u00fcentment, ratificar els acords presos el setembre de 2021.<\/p>\n\n\n\n<hr class=\"wp-block-separator\"\/>\n\n\n\n<p><strong>CASTELLANO |<\/strong> La Junta de Gobierno del 11 de marzo ha aprobado desestimar el informe de alegaciones que la empresa Energ\u00edas renovables de Ormonde SL, ha presentado en relaci\u00f3n con las alegaciones que el Ayuntamiento de la Bisbal del Pened\u00e8s acord\u00f3, contra la MAT, en la Junta de Gobierno de septiembre de 2021.<\/p>\n\n\n\n<p>En julio de 2021, el Ayuntamiento de la Bisbal del Pened\u00e8s recibi\u00f3 el anuncio mediante el que se le informaba que se somet\u00eda a informaci\u00f3n p\u00fablica el proyecto para construir un conjunto de parques e\u00f3licos en Arag\u00f3n y la correspondiente infraestructura para transportar energ\u00eda producida a trav\u00e9s de una l\u00ednea de muy alta tensi\u00f3n (MAT) que atravesar\u00eda distintas comarcas y pasar\u00eda por el municipio de La Bisbal del Pened\u00e8s con el objetivo de llevar energ\u00eda al \u00e1rea metropolitana de Barcelona. El proyecto preve\u00eda el tendido de 9.833,39 metros de l\u00ednea corriente trif\u00e1sica a\u00e9rea a trav\u00e9s de 27 torres (de hasta 70 metros de altura) a la Bisbal del Pened\u00e8s.<\/p>\n\n\n\n<p>El Ayuntamiento de la Bisbal del Pened\u00e8s se opuso a este proyecto y aprob\u00f3, en la Junta de Gobierno de septiembre, presentar alegaciones informando desfavorablemente al proyecto MAT Cl\u00faster Begues que promueve la empresa Forestalia. Las alegaciones se presentaron con base a informes t\u00e9cnicos, jur\u00eddicos y medioambientales, preparados por t\u00e9cnicos contratados por parte de todos los ayuntamientos y <em>consells comarcals<\/em> afectados por la MAT, y teniendo en cuenta tambi\u00e9n el informe del ingeniero municipal. Paralelamente, se recogieron m\u00e1s de 450 alegaciones del conjunto de la ciudadan\u00eda.<\/p>\n\n\n\n<p>El pasado 29 de marzo de 2022, la Subdelegaci\u00f3n del Gobierno de Barcelona entr\u00f3 por registro en el Ayuntamiento las alegaciones de la empresa Energ\u00edas renovables de Ormonde SL., en relaci\u00f3n con las alegaciones que el Ayuntamiento present\u00f3 contra la MAT a la Junta de Gobierno de septiembre de 2021. La Subdelegaci\u00f3n daba un plazo de 15 d\u00edas al Ayuntamiento de la Bisbal del Pened\u00e8s para realizar las consideraciones que se creyesen convenientes y, por este motivo, la Junta de Gobierno del d\u00eda 11 de marzo ha aprobado desestimar el informe entrado por registro el 29 de marzo y, consecuentemente, ratificar los acuerdos tomados en septiembre de 2021.<\/p>\n","protected":false},"excerpt":{"rendered":"<p>La Junta de Govern de l\u201911 de mar\u00e7 ha aprovat desestimar l\u2019informe d\u2019al\u00b7legacions que l\u2019empresa Energ\u00edas renovables de Ormonde SL, ha presentat en relaci\u00f3 amb les al\u00b7legacions que l\u2019Ajuntament de &hellip; <a href=\"https:\/\/bisbalpenedes.com\/web\/2022\/04\/14\/lajuntament-de-la-bisbal-del-penedes-ratifica-les-allegacions-contra-el-projecte-de-lestesa-de-27-torres-dalta-tensio-mat-al-municipi\/\" class=\"more-link\">Read More<\/a><\/p>\n","protected":false},"author":4,"featured_media":19090,"comment_status":"closed","ping_status":"closed","sticky":false,"template":"","format":"standard","meta":[],"categories":[8],"tags":[459,4753,393,5212,4723,4761],"_links":{"self":[{"href":"https:\/\/bisbalpenedes.com\/web\/wp-json\/wp\/v2\/posts\/21524"}],"collection":[{"href":"https:\/\/bisbalpenedes.com\/web\/wp-json\/wp\/v2\/posts"}],"about":[{"href":"https:\/\/bisbalpenedes.com\/web\/wp-json\/wp\/v2\/types\/post"}],"author":[{"embeddable":true,"href":"https:\/\/bisbalpenedes.com\/web\/wp-json\/wp\/v2\/users\/4"}],"replies":[{"embeddable":true,"href":"https:\/\/bisbalpenedes.com\/web\/wp-json\/wp\/v2\/comments?post=21524"}],"version-history":[{"count":1,"href":"https:\/\/bisbalpenedes.com\/web\/wp-json\/wp\/v2\/posts\/21524\/revisions"}],"predecessor-version":[{"id":21525,"href":"https:\/\/bisbalpenedes.com\/web\/wp-json\/wp\/v2\/posts\/21524\/revisions\/21525"}],"wp:featuredmedia":[{"embeddable":true,"href":"https:\/\/bisbalpenedes.com\/web\/wp-json\/wp\/v2\/media\/19090"}],"wp:attachment":[{"href":"https:\/\/bisbalpenedes.com\/web\/wp-json\/wp\/v2\/media?parent=21524"}],"wp:term":[{"taxonomy":"category","embeddable":true,"href":"https:\/\/bisbalpenedes.com\/web\/wp-json\/wp\/v2\/categories?post=21524"},{"taxonomy":"post_tag","embeddable":true,"href":"https:\/\/bisbalpenedes.com\/web\/wp-json\/wp\/v2\/tags?post=21524"}],"curies":[{"name":"wp","href":"https:\/\/api.w.org\/{rel}","templated":true}]}}